{"id":1891,"date":"2024-03-01T19:40:03","date_gmt":"2024-03-01T19:40:03","guid":{"rendered":"https:\/\/conadeh.hn\/?p=1891"},"modified":"2024-03-01T19:41:46","modified_gmt":"2024-03-01T19:41:46","slug":"conadeh-y-relator-de-la-onu-abordan-repercusiones-del-cambio-climatico-en-los-dd-hh","status":"publish","type":"post","link":"https:\/\/conadeh.hn\/?p=1891","title":{"rendered":"CONADEH y relator de la ONU abordan repercusiones del cambio clim\u00e1tico en los DD. HH"},"content":{"rendered":"\t\t<div data-elementor-type=\"wp-post\" data-elementor-id=\"1891\" class=\"elementor elementor-1891\">\n\t\t\t\t<div class=\"elementor-element elementor-element-351210c e-flex e-con-boxed e-con e-parent\" data-id=\"351210c\" data-element_type=\"container\" data-e-type=\"container\">\n\t\t\t\t\t<div class=\"e-con-inner\">\n\t\t\t\t<div class=\"elementor-element elementor-element-ad805ba elementor-widget elementor-widget-text-editor\" data-id=\"ad805ba\" data-element_type=\"widget\" data-e-type=\"widget\" data-widget_type=\"text-editor.default\">\n\t\t\t\t<div class=\"elementor-widget-container\">\n\t\t\t\t\t\t\t\t\t<p><strong>CONADEH y relator de la ONU abordan repercusiones del cambio clim\u00e1tico en los DD. HH <\/strong><\/p><ul><li><strong>E<\/strong><strong>l Relator Especial de la ONU sobre la promoci\u00f3n y la protecci\u00f3n de los derechos humanos en el contexto del cambio clim\u00e1tico, Ian Fry, realiza una visita de diez d\u00edas a Honduras, que inici\u00f3 el 18 y concluye el 27 de septiembre pr\u00f3ximo, con el objetivo de evaluar el impacto adverso del cambio clim\u00e1tico y su afectaci\u00f3n a los derechos humanos de las comunidades en situaci\u00f3n de vulnerabilidad. <\/strong><\/li><\/ul><p>Representantes del Comisionado Nacional de los Derechos Humanos (CONADEH) se reunieron, con el Relator Especial de las Naciones Unidas sobre la promoci\u00f3n y la protecci\u00f3n de los derechos humanos en el contexto del cambio clim\u00e1tico, lan Fry.<\/p><p>En la reuni\u00f3n, los miembros del CONADEH expusieron los avances y desaf\u00edos que se suscitan en el Estado de Honduras ante las repercusiones adversas sobre los derechos humanos que derivan del cambio clim\u00e1tico.<\/p><p>La Delegada Adjunta Primera del CONADEH, Yumila D\u00edaz explic\u00f3 que el cambio clim\u00e1tico es un tema de mucha importancia que debe estar priorizado en la agenda del Estado y del gobierno, porque va ligado a la seguridad alimentaria y al derecho a una alimentaci\u00f3n sana, pero que ha sido ubicada en un segundo plano.<\/p><p>Explic\u00f3 que los m\u00e1s afectados con el cambio clim\u00e1tico son los campesinos y las campesinas que trabajan en las zonas rurales ya que, en ocasiones, no llegan a recolectar sus cosechas por sequias, huracanes o no encuentran los medios para transportar sus cosechas, en vista que no se les da mantenimiento a las v\u00edas de transporte para que el producto pueda ser comercializado y reciban precios justos.<\/p><p>Considera que el gobierno debe crear programas orientados a proporcionar a los campesinos insumos cuando sus cosechas son afectadas por fen\u00f3menos naturales.<\/p><p>Cada a\u00f1o, la sequ\u00eda representa da\u00f1os directos a por lo menos 170,000 familias de 145 municipios en el pa\u00eds, lo que augura problemas de abastecimiento de agua, precarias condiciones de salud y una severa crisis alimentaria que afecta principalmente la nutrici\u00f3n de los ni\u00f1os.<\/p><p>Tanto la sequ\u00eda como los incendios forestales que se presentan c\u00edclicamente, cada a\u00f1o, en el pa\u00eds est\u00e1n trayendo plagas que no solo da\u00f1an el bosque, sino que afectan la agricultura y, de esa manera, se est\u00e1 incidiendo no solamente sobre la alimentaci\u00f3n, sino que tambi\u00e9n sobre la capacidad de producci\u00f3n del pa\u00eds.<\/p><p>Por su parte, Luis Chinchilla, director de la Cl\u00ednica de Control de Convencionalidad y Litigio Estrat\u00e9gico del CONADEH expuso que, en las \u00faltimas d\u00e9cadas, Honduras ha adoptado un modelo de desarrollo extractivista, basado en la explotaci\u00f3n de los vastos recursos naturales que ha derivado en conflictos sociales, as\u00ed como el incremento de las vulnerabilidades frente al cambio clim\u00e1tico.<\/p><p>Agreg\u00f3 que, Honduras cuenta con un marco normativo fragmentado, lo cual exacerba la vulnerabilidad del Estado frente al cambio clim\u00e1tico y dificulta los esfuerzos de adaptaci\u00f3n y mitigaci\u00f3n.<\/p><p>Indic\u00f3 que para hacerle frente al cambio clim\u00e1tico se vuelve indispensable actualizar la legislaci\u00f3n medioambiental, clarificar los mandatos institucionales, fortalecer la institucionalidad p\u00fablica y asegurar su sostenibilidad y vigencia en el tiempo.<\/p><p>El Relator Especial de la ONU sobre la promoci\u00f3n y la protecci\u00f3n de los derechos humanos en el contexto del cambio clim\u00e1tico, Ian Fry, realiza una visita de diez d\u00edas a Honduras, que inici\u00f3 el 18 y concluye el 27 de septiembre, con el objetivo de evaluar el impacto adverso del cambio clim\u00e1tico y su afectaci\u00f3n a los derechos humanos de las comunidades en situaci\u00f3n de vulnerabilidad en el pa\u00eds.<\/p><p>Su visita se centrar\u00e1 en las comunidades del corredor seco afectadas por el cambio clim\u00e1tico, as\u00ed como en las comunidades afectadas por la subida del nivel del mar y los huracanes.<\/p><p>El Relator Especial examinar\u00e1 c\u00f3mo los efectos del cambio clim\u00e1tico est\u00e1n obligando a las personas a desplazarse de sus tierras y, qu\u00e9 medidas se est\u00e1n tomando para hacer frente a estos impactos.<\/p><p>Durante su estad\u00eda en Honduras, Fry visitar\u00e1 los departamentos de Choluteca, Francisco Moraz\u00e1n, Atl\u00e1ntida, Col\u00f3n, Yoro, Cort\u00e9s y La Paz, y se reunir\u00e1 con las comunidades afectadas por el cambio clim\u00e1tico. Tambi\u00e9n lo har\u00e1 con funcionarios del Gobierno y representantes de la sociedad civil.<\/p><p>Experto en derecho y pol\u00edtica medioambiental internacional, Ian Fry, es el primer <a href=\"https:\/\/www.ohchr.org\/es\/specialprocedures\/sr-climate-change\">Relator Especial sobre la promoci\u00f3n y protecci\u00f3n de los derechos humanos en el contexto del cambio clim\u00e1tico<\/a>. Fue nombrado por el Consejo de Derechos Humanos en su 49\u00ba per\u00edodo de sesiones en marzo de 2022 y comenz\u00f3 su mandato el 1 de mayo de 2022.<\/p>\t\t\t\t\t\t\t\t<\/div>\n\t\t\t\t<\/div>\n\t\t\t\t\t<\/div>\n\t\t\t\t<\/div>\n\t\t<div class=\"elementor-element elementor-element-a65da99 e-flex e-con-boxed e-con e-parent\" data-id=\"a65da99\" data-element_type=\"container\" data-e-type=\"container\">\n\t\t\t\t\t<div class=\"e-con-inner\">\n\t\t\t\t<div class=\"elementor-element elementor-element-7bae3f8 elementor-widget elementor-widget-image\" data-id=\"7bae3f8\" data-element_type=\"widget\" data-e-type=\"widget\" data-widget_type=\"image.default\">\n\t\t\t\t<div class=\"elementor-widget-container\">\n\t\t\t\t\t\t\t\t\t\t\t\t\t\t\t<img fetchpriority=\"high\" decoding=\"async\" width=\"750\" height=\"460\" src=\"https:\/\/conadeh.hn\/wp-content\/uploads\/2024\/03\/conadeh-1.webp\" class=\"attachment-large size-large wp-image-1893\" alt=\"\" srcset=\"https:\/\/conadeh.hn\/wp-content\/uploads\/2024\/03\/conadeh-1.webp 900w, https:\/\/conadeh.hn\/wp-content\/uploads\/2024\/03\/conadeh-1-300x184.webp 300w, https:\/\/conadeh.hn\/wp-content\/uploads\/2024\/03\/conadeh-1-768x471.webp 768w\" sizes=\"(max-width: 750px) 100vw, 750px\" \/>\t\t\t\t\t\t\t\t\t\t\t\t\t\t\t<\/div>\n\t\t\t\t<\/div>\n\t\t\t\t\t<\/div>\n\t\t\t\t<\/div>\n\t\t\t\t<\/div>\n\t\t","protected":false},"excerpt":{"rendered":"<p>CONADEH y relator de la ONU abordan repercusiones del cambio clim\u00e1tico en los DD. HH El Relator Especial de la ONU sobre la promoci\u00f3n y la protecci\u00f3n de los derechos humanos en el contexto del cambio clim\u00e1tico, Ian Fry, realiza una visita de diez d\u00edas a Honduras, que inici\u00f3 el [&hellip;]<\/p>\n","protected":false},"author":2,"featured_media":1893,"comment_status":"closed","ping_status":"closed","sticky":false,"template":"","format":"standard","meta":{"saved_in_kubio":false,"_themeisle_gutenberg_block_has_review":false,"_kadence_starter_templates_imported_post":false,"footnotes":""},"categories":[1],"tags":[],"class_list":["post-1891","post","type-post","status-publish","format-standard","has-post-thumbnail","hentry","category-uncategorized"],"_links":{"self":[{"href":"https:\/\/conadeh.hn\/index.php?rest_route=\/wp\/v2\/posts\/1891","targetHints":{"allow":["GET"]}}],"collection":[{"href":"https:\/\/conadeh.hn\/index.php?rest_route=\/wp\/v2\/posts"}],"about":[{"href":"https:\/\/conadeh.hn\/index.php?rest_route=\/wp\/v2\/types\/post"}],"author":[{"embeddable":true,"href":"https:\/\/conadeh.hn\/index.php?rest_route=\/wp\/v2\/users\/2"}],"replies":[{"embeddable":true,"href":"https:\/\/conadeh.hn\/index.php?rest_route=%2Fwp%2Fv2%2Fcomments&post=1891"}],"version-history":[{"count":4,"href":"https:\/\/conadeh.hn\/index.php?rest_route=\/wp\/v2\/posts\/1891\/revisions"}],"predecessor-version":[{"id":1896,"href":"https:\/\/conadeh.hn\/index.php?rest_route=\/wp\/v2\/posts\/1891\/revisions\/1896"}],"wp:featuredmedia":[{"embeddable":true,"href":"https:\/\/conadeh.hn\/index.php?rest_route=\/wp\/v2\/media\/1893"}],"wp:attachment":[{"href":"https:\/\/conadeh.hn\/index.php?rest_route=%2Fwp%2Fv2%2Fmedia&parent=1891"}],"wp:term":[{"taxonomy":"category","embeddable":true,"href":"https:\/\/conadeh.hn\/index.php?rest_route=%2Fwp%2Fv2%2Fcategories&post=1891"},{"taxonomy":"post_tag","embeddable":true,"href":"https:\/\/conadeh.hn\/index.php?rest_route=%2Fwp%2Fv2%2Ftags&post=1891"}],"curies":[{"name":"wp","href":"https:\/\/api.w.org\/{rel}","templated":true}]}}