{"id":1885,"date":"2024-03-01T19:34:50","date_gmt":"2024-03-01T19:34:50","guid":{"rendered":"https:\/\/conadeh.hn\/?p=1885"},"modified":"2024-03-01T19:36:09","modified_gmt":"2024-03-01T19:36:09","slug":"conadeh-y-coiproden-firman-convenio-para-promover-y-proteger-los-derechos-de-la-ninez","status":"publish","type":"post","link":"https:\/\/conadeh.hn\/?p=1885","title":{"rendered":"CONADEH y COIPRODEN firman convenio para promover y proteger los derechos de la ni\u00f1ez"},"content":{"rendered":"\t\t<div data-elementor-type=\"wp-post\" data-elementor-id=\"1885\" class=\"elementor elementor-1885\">\n\t\t\t\t<div class=\"elementor-element elementor-element-8b0043c e-flex e-con-boxed e-con e-parent\" data-id=\"8b0043c\" data-element_type=\"container\" data-e-type=\"container\">\n\t\t\t\t\t<div class=\"e-con-inner\">\n\t\t\t\t<div class=\"elementor-element elementor-element-aec300c elementor-widget elementor-widget-text-editor\" data-id=\"aec300c\" data-element_type=\"widget\" data-e-type=\"widget\" data-widget_type=\"text-editor.default\">\n\t\t\t\t<div class=\"elementor-widget-container\">\n\t\t\t\t\t\t\t\t\t<p><strong>Mi\u00e9rcoles 20 de septiembre de 2023<\/strong><\/p><p><strong>\u00a0<\/strong><\/p><p><strong>CONADEH y COIPRODEN firman convenio para promover y proteger los derechos de la ni\u00f1ez <\/strong><\/p><ul><li><strong>Wilmer V\u00e1squez, director ejecutivo de COIPRODEN, que aglutina en su seno a 27 organizaciones de la sociedad civil, dijo que es inaceptable la situaci\u00f3n de violencia que vive la ni\u00f1ez y la adolescencia en el pa\u00eds.<\/strong><\/li><\/ul><p>El Comisionado Nacional de los Derechos Humanos (CONADEH) y la Coordinadora de Instituciones Privadas Pro las Ni\u00f1as, Ni\u00f1os, Adolescentes, J\u00f3venes y sus Derechos (COIPRODEN) firmaron un convenio de cooperaci\u00f3n t\u00e9cnica con el objetivo de colaborar en acciones que conlleven a la reinserci\u00f3n, protecci\u00f3n y promoci\u00f3n de los derechos de la ni\u00f1ez y la juventud.<\/p><p>El convenio, firmado por la titular del CONADEH, Blanca Izaguirre y el director ejecutivo de COIPRODEN, Wilmer V\u00e1squez establece, en una de sus 18 cl\u00e1usulas que, \u201curge abordar integralmente los casos de ni\u00f1os, ni\u00f1as y adolescentes migrantes y desplazados por violencia, brindando asesor\u00eda legal, atenci\u00f3n psicosocial y ayuda humanitaria\u201d, entre otras.<\/p><p>Asimismo, revisar el C\u00f3digo de la Ni\u00f1ez y Adolescencia buscando la m\u00e1xima coherencia con est\u00e1ndares internacionales y dise\u00f1ar una pol\u00edtica hacia la ni\u00f1ez en situaci\u00f3n de calle.<\/p><p>Adem\u00e1s, realizar visitas a Centros de Protecci\u00f3n, Instituciones Residenciales de Cuidado Alternativo, Casas Hogar u otras Instituciones Estatales para verificar la situaci\u00f3n de los ni\u00f1os y ni\u00f1as, para la elaboraci\u00f3n de recomendaciones al Estado hondure\u00f1o.<\/p><p>La Defensora del Pueblo expres\u00f3 que, la institucionalidad p\u00fablica y privada tiene la obligaci\u00f3n de implementar las medidas necesarias que garanticen el Inter\u00e9s Superior del Ni\u00f1o como un eje transversal de la actividad sociopol\u00edtica.<\/p><p>Agreg\u00f3 que, el CONADEH, a trav\u00e9s de la creaci\u00f3n de la Defensor\u00eda de la Ni\u00f1ez y la Familia busca corresponder dicha obligaci\u00f3n y brindar atenci\u00f3n integral a la ni\u00f1ez, por medio de la difusi\u00f3n, defensa y vigilancia de sus derechos.<\/p><p>Indic\u00f3 que, centrar los esfuerzos en el respeto y garant\u00eda de los derechos de los ni\u00f1os, ni\u00f1as y adolescentes de Honduras es de tan vital importancia, que, de no ser as\u00ed, el pa\u00eds seguir\u00e1 enfrentando un contexto de obstaculizaci\u00f3n del desarrollo social y econ\u00f3mico.<\/p><p><strong>Inaceptable la situaci\u00f3n de la ni\u00f1ez en Honduras<\/strong><\/p><p>Datos de la Direcci\u00f3n Policial de Investigaci\u00f3n (DPI), a trav\u00e9s de la Alerta Amber, establecen que, entre los a\u00f1os 2015 y 2022 unos 2,317 ni\u00f1as y ni\u00f1os menores de 17 a\u00f1os, ten\u00edan reporte de estar desaparecidos, situaci\u00f3n preocupante ya que muchos de ellos podr\u00edan estar siendo v\u00edctimas de trata de personas.<\/p><p>Se estima que entre los a\u00f1os 2010 y 2022 alrededor de 4,200 ni\u00f1os y ni\u00f1as murieron violentamente, situaci\u00f3n que lo ubica como uno de los sectores m\u00e1s afectados por la violencia en el pa\u00eds.<\/p><p>Wilmer V\u00e1squez, director ejecutivo de COIPRODEN, que aglutina en su seno a 27 organizaciones de sociedad civil, dijo que es inaceptable la situaci\u00f3n de violencia que vive la ni\u00f1ez y la adolescencia en el pa\u00eds.<\/p><p>La violencia estructural que se genera desde el Estado hace que, en Honduras, mueran ni\u00f1os y ni\u00f1as por falta de atenci\u00f3n en los centros hospitalarios, en los centros de salud, que mueran por desnutrici\u00f3n y por falta de alimentos, se\u00f1al\u00f3.<\/p><p>Indic\u00f3 que el tema de la migraci\u00f3n es un problema enorme en Honduras y es inaceptable que muchos ni\u00f1as y ni\u00f1os tengan que correr el riesgo de morir en su intento de huir de nuestro pa\u00eds buscando mejores oportunidades para su familia.<\/p><p>Cuestion\u00f3 que m\u00e1s de un mill\u00f3n de ni\u00f1as y ni\u00f1os entre 5 y 17 a\u00f1os han estado fuera del sistema educativo nacional en los \u00faltimos a\u00f1os, seg\u00fan datos del Instituto Centroamericano de Estudios Fiscales.<\/p><p>Denunci\u00f3 que, los ni\u00f1os y las ni\u00f1as est\u00e1n siendo abusados en Honduras, utilizados para la pornograf\u00eda, el tr\u00e1fico y la explotaci\u00f3n sexual comercial.<\/p><p>En lo que respecta a la infraestructura educativa mencion\u00f3 que hay una deuda hist\u00f3rica ya que no ha habido una verdadera inversi\u00f3n.<\/p><p>Se\u00f1al\u00f3 que, el 75% de la pobreza es producto de la gran desigualdad social, de all\u00ed que, Honduras sea el pa\u00eds m\u00e1s desigual de Am\u00e9rica Latina y est\u00e9 dentro de los seis m\u00e1s desiguales del mundo, situaci\u00f3n que afecta de manera directa a la ni\u00f1ez.<\/p><p>Frente a esta realidad y a ese contexto, el CONADEH y la Red Coiproden podemos hacer un trabajo estrat\u00e9gico de incidencia, pero, sobre todo, tener el \u201cdedo sobre la llaga\u201d frente a cualquier gobierno que no cumpla con sus obligaciones que tiene con la ni\u00f1ez, concluy\u00f3.<\/p>\t\t\t\t\t\t\t\t<\/div>\n\t\t\t\t<\/div>\n\t\t\t\t\t<\/div>\n\t\t\t\t<\/div>\n\t\t<div class=\"elementor-element elementor-element-ee6e83d e-flex e-con-boxed e-con e-parent\" data-id=\"ee6e83d\" data-element_type=\"container\" data-e-type=\"container\">\n\t\t\t\t\t<div class=\"e-con-inner\">\n\t\t\t\t<div class=\"elementor-element elementor-element-01cfe36 elementor-widget elementor-widget-image\" data-id=\"01cfe36\" data-element_type=\"widget\" data-e-type=\"widget\" data-widget_type=\"image.default\">\n\t\t\t\t<div class=\"elementor-widget-container\">\n\t\t\t\t\t\t\t\t\t\t\t\t\t\t\t<img fetchpriority=\"high\" decoding=\"async\" width=\"620\" height=\"413\" src=\"https:\/\/conadeh.hn\/wp-content\/uploads\/2024\/03\/conadeh-y-coiproden.jpg\" class=\"attachment-large size-large wp-image-1887\" alt=\"\" srcset=\"https:\/\/conadeh.hn\/wp-content\/uploads\/2024\/03\/conadeh-y-coiproden.jpg 620w, https:\/\/conadeh.hn\/wp-content\/uploads\/2024\/03\/conadeh-y-coiproden-300x200.jpg 300w\" sizes=\"(max-width: 620px) 100vw, 620px\" \/>\t\t\t\t\t\t\t\t\t\t\t\t\t\t\t<\/div>\n\t\t\t\t<\/div>\n\t\t\t\t\t<\/div>\n\t\t\t\t<\/div>\n\t\t\t\t<\/div>\n\t\t","protected":false},"excerpt":{"rendered":"<p>Mi\u00e9rcoles 20 de septiembre de 2023 \u00a0 CONADEH y COIPRODEN firman convenio para promover y proteger los derechos de la ni\u00f1ez Wilmer V\u00e1squez, director ejecutivo de COIPRODEN, que aglutina en su seno a 27 organizaciones de la sociedad civil, dijo que es inaceptable la situaci\u00f3n de violencia que vive la [&hellip;]<\/p>\n","protected":false},"author":2,"featured_media":1887,"comment_status":"closed","ping_status":"closed","sticky":false,"template":"","format":"standard","meta":{"saved_in_kubio":false,"_themeisle_gutenberg_block_has_review":false,"_kadence_starter_templates_imported_post":false,"footnotes":""},"categories":[1],"tags":[],"class_list":["post-1885","post","type-post","status-publish","format-standard","has-post-thumbnail","hentry","category-uncategorized"],"_links":{"self":[{"href":"https:\/\/conadeh.hn\/index.php?rest_route=\/wp\/v2\/posts\/1885","targetHints":{"allow":["GET"]}}],"collection":[{"href":"https:\/\/conadeh.hn\/index.php?rest_route=\/wp\/v2\/posts"}],"about":[{"href":"https:\/\/conadeh.hn\/index.php?rest_route=\/wp\/v2\/types\/post"}],"author":[{"embeddable":true,"href":"https:\/\/conadeh.hn\/index.php?rest_route=\/wp\/v2\/users\/2"}],"replies":[{"embeddable":true,"href":"https:\/\/conadeh.hn\/index.php?rest_route=%2Fwp%2Fv2%2Fcomments&post=1885"}],"version-history":[{"count":4,"href":"https:\/\/conadeh.hn\/index.php?rest_route=\/wp\/v2\/posts\/1885\/revisions"}],"predecessor-version":[{"id":1890,"href":"https:\/\/conadeh.hn\/index.php?rest_route=\/wp\/v2\/posts\/1885\/revisions\/1890"}],"wp:featuredmedia":[{"embeddable":true,"href":"https:\/\/conadeh.hn\/index.php?rest_route=\/wp\/v2\/media\/1887"}],"wp:attachment":[{"href":"https:\/\/conadeh.hn\/index.php?rest_route=%2Fwp%2Fv2%2Fmedia&parent=1885"}],"wp:term":[{"taxonomy":"category","embeddable":true,"href":"https:\/\/conadeh.hn\/index.php?rest_route=%2Fwp%2Fv2%2Fcategories&post=1885"},{"taxonomy":"post_tag","embeddable":true,"href":"https:\/\/conadeh.hn\/index.php?rest_route=%2Fwp%2Fv2%2Ftags&post=1885"}],"curies":[{"name":"wp","href":"https:\/\/api.w.org\/{rel}","templated":true}]}}