{"id":1872,"date":"2024-03-01T17:19:57","date_gmt":"2024-03-01T17:19:57","guid":{"rendered":"https:\/\/conadeh.hn\/?p=1872"},"modified":"2024-03-01T17:28:56","modified_gmt":"2024-03-01T17:28:56","slug":"entre-el-2016-y-julio-del-2023","status":"publish","type":"post","link":"https:\/\/conadeh.hn\/?p=1872","title":{"rendered":"Entre el 2016 y julio del 2023: M\u00e1s de un centenar periodistas y comunicadores en riesgo y v\u00edctimas de desplazamiento forzado"},"content":{"rendered":"\t\t<div data-elementor-type=\"wp-post\" data-elementor-id=\"1872\" class=\"elementor elementor-1872\">\n\t\t\t\t<div class=\"elementor-element elementor-element-7ac9eef e-flex e-con-boxed e-con e-parent\" data-id=\"7ac9eef\" data-element_type=\"container\" data-e-type=\"container\">\n\t\t\t\t\t<div class=\"e-con-inner\">\n\t\t\t\t<div class=\"elementor-element elementor-element-89b5a87 elementor-widget elementor-widget-text-editor\" data-id=\"89b5a87\" data-element_type=\"widget\" data-e-type=\"widget\" data-widget_type=\"text-editor.default\">\n\t\t\t\t<div class=\"elementor-widget-container\">\n\t\t\t\t\t\t\t\t\t<p><strong>Domingo 17 de septiembre de 2023<\/strong><\/p><p>\u00a0<\/p><p><strong><u>Entre el 2016 y julio del 2023:<\/u><\/strong><\/p><p><strong>M\u00e1s de un centenar periodistas y comunicadores en riesgo y v\u00edctimas de desplazamiento forzado<\/strong><\/p><p><strong>\u00a0<\/strong><\/p><ul><li><strong>Las 21 quejas atendidas por el CONADEH, de periodistas y comunicadores sociales, que manifestaron estar en riesgo o ser v\u00edctimas de desplazamiento forzado, en los primeros siete meses del 2023,<\/strong><strong> no solo supera las 20 atendidas en el 2022, sino que se constituye en la m\u00e1s alta, desde el 2016.<\/strong><\/li><\/ul><p>Al menos, 107 periodistas y comunicadores sociales denunciaron, entre el 2016 y julio del 2023, estar en riesgo y ser v\u00edctimas de desplazamiento forzado, en Honduras, al ser objeto, en un 80% de los casos, de amenazas, situaci\u00f3n que no solo puso en riesgo el ejercicio su profesi\u00f3n, sino que su integridad y su vida, revel\u00f3 hoy el Comisionado Nacional de los Derechos Humanos (CONADEH).<\/p><p>Blanca Izaguirre, titular del CONADEH, detall\u00f3 que las denuncias de periodistas y, en general, de personas vinculadas a los medios de comunicaci\u00f3n, van en aumento cada a\u00f1o, situaci\u00f3n que pone en riesgo la libertad de expresi\u00f3n y de informaci\u00f3n en el pa\u00eds.<\/p><p>\u201cCondeno todo acto de violencia contra periodistas y personas vinculadas a los medios de comunicaci\u00f3n ya que es una franca amenaza a la libertad de pensamiento y de expresi\u00f3n cualquiera sea su origen, causa y autor\u00eda\u201d, declar\u00f3.<\/p><p>Agreg\u00f3 que, toda acci\u00f3n en contra de la libertad de expresi\u00f3n es un atentado contra el derecho a la vida, el derecho al trabajo, a la libre emisi\u00f3n del pensamiento y a informar libremente, que tienen, entre otros, los miembros de este gremio.<\/p><p>La defensora de los derechos humanos hizo un llamado a las autoridades encargadas de la seguridad, en el pa\u00eds, para que intensifiquen sus esfuerzos encaminados a investigar y someter a la justicia a los responsables de cada uno de estos hechos que ponen en riesgo la vida de periodistas, comunicadores sociales y a miembros de su familia.<\/p><p><strong>El 2023 con m\u00e1s quejas de periodistas y comunicadores sociales<\/strong><\/p><p>Entre enero y julio del 2023, el CONADEH atendi\u00f3 21 quejas de periodistas y comunicadores sociales, cantidad que no solo supera las 20 atendidas en el 2022, sino que se constituye en la m\u00e1s alta, desde el 2016.<\/p><p>De las 107 quejas presentadas por los miembros de este gremio, ante el CONADEH, desde el 2016, el 76% tuvieron como escenario los departamentos de Francisco Moraz\u00e1n, Choluteca y Cort\u00e9s.<\/p><p>Se estima que, al menos, el 76% de los miembros de este gremio, que interpusieron denuncias ante el CONADEH, est\u00e1n en riesgo, mientras que, el 24% habr\u00edan sido v\u00edctimas de desplazamiento forzado.<\/p><p>Se revel\u00f3 adem\u00e1s que, en el 38% de los casos, los responsables de poner en riesgo la integridad f\u00edsica y la vida de periodistas y comunicadores sociales son personas desconocidas, mientras que, en un 33%, son conocidos. Las denuncias tambi\u00e9n incluyen a miembros de maras y pandillas, bandas criminales, operadores de justicia y miembros del crimen organizado.<\/p><p>Entre las causas mencionadas, por los propios afectados, que lo pusieron en riesgo o ser v\u00edctima de desplazamiento forzado, el 80% denunci\u00f3 ser objeto de amenazas, el 10% por tentativa de homicidio, otros porque estaban siendo extorsionados.<\/p><p>Queda en evidencia que, el desplazamiento forzado de personas es un fen\u00f3meno en crecimiento, en Honduras, del que no escapan de ser v\u00edctimas los periodistas ni dem\u00e1s personas vinculadas a los medios de comunicaci\u00f3n, seg\u00fan el CONADEH.<\/p><p>Desde el 2016, el CONADEH con la asistencia t\u00e9cnica del Alto Comisionado de las Naciones Unidas para los Refugiados (ACNUR) realiza a trav\u00e9s de la Unidad de Desplazamiento Forzado Interno (UDFI), un monitoreo permanente del fen\u00f3meno de desplazamiento forzado interno, a nivel nacional, por medio de an\u00e1lisis cualitativos y la atenci\u00f3n a las v\u00edctimas, en sus 19 oficinas a nivel nacional.<\/p><p><strong>\u00a0Ataques contra periodistas y comunicadores sociales no cesan<\/strong><\/p><p>Entre el 2022 y septiembre del 2023, el ejercicio del periodismo qued\u00f3 marcado por m\u00e1s de medio centenar de hechos violatorios a las libertades de expresi\u00f3n y de prensa que van desde amenazas, agresiones, atentados, hostigamiento, intimidaci\u00f3n, detenciones arbitrarias, desplazamiento forzado y la muerte violenta de seis personas vinculadas a los medios de comunicaci\u00f3n.<\/p><p>Desde octubre del 2001, el CONADEH registra la muerte violenta de 96 personas vinculadas a medios de comunicaci\u00f3n.<\/p><p>Entre las v\u00edctimas figuran propietarios de medios de comunicaci\u00f3n, directores de espacios en radio y televisi\u00f3n, presentadores de noticias, locutores, camar\u00f3grafos, presentadores de programas de entretenimiento, cronistas deportivos, operadores, gestores de publicidad y editores de televisi\u00f3n.<\/p><p>Hasta ahora, 16 de los 18 departamentos del pa\u00eds han sido escenario de muertes violentas de personas que laboran en medios de comunicaci\u00f3n, sin embargo, en 6 departamentos se registra el 76% de los casos, Francisco Moraz\u00e1n (22), Cortes (19), Cop\u00e1n (9), Yoro (8), Atl\u00e1ntida (8) y Olancho (7)<\/p><p>El Municipio del Distrito Central, en el departamento de Francisco Moraz\u00e1n, se constituye en el sitio m\u00e1s peligroso para el ejercicio del periodismo al registrar la muerte 22 personas vinculadas a los medios de comunicaci\u00f3n, a \u00e9ste se suman San Pedro Sula con 12; La Ceiba 8; Danl\u00ed, 4; Puerto Cort\u00e9s, 3; La Entrada, 3; Santa Rosa de Cop\u00e1n 3.<\/p><p>Se estima que, desde octubre del 2001, al menos 81 medios de comunicaci\u00f3n del pa\u00eds han sufrido o registrado la muerte violenta de uno o varios de sus empleados sean estos periodistas, comunicadores sociales, locutores, camar\u00f3grafos, fot\u00f3grafos, operadores y editores.<\/p>\t\t\t\t\t\t\t\t<\/div>\n\t\t\t\t<\/div>\n\t\t\t\t\t<\/div>\n\t\t\t\t<\/div>\n\t\t<div class=\"elementor-element elementor-element-fda9d7b e-flex e-con-boxed e-con e-parent\" data-id=\"fda9d7b\" data-element_type=\"container\" data-e-type=\"container\">\n\t\t\t\t\t<div class=\"e-con-inner\">\n\t\t\t\t<div class=\"elementor-element elementor-element-1b36753 elementor-widget elementor-widget-image\" data-id=\"1b36753\" data-element_type=\"widget\" data-e-type=\"widget\" data-widget_type=\"image.default\">\n\t\t\t\t<div class=\"elementor-widget-container\">\n\t\t\t\t\t\t\t\t\t\t\t\t\t\t\t<img fetchpriority=\"high\" decoding=\"async\" width=\"696\" height=\"475\" src=\"https:\/\/conadeh.hn\/wp-content\/uploads\/2024\/03\/prensa.webp\" class=\"attachment-large size-large wp-image-1873\" alt=\"\" srcset=\"https:\/\/conadeh.hn\/wp-content\/uploads\/2024\/03\/prensa.webp 696w, https:\/\/conadeh.hn\/wp-content\/uploads\/2024\/03\/prensa-300x205.webp 300w\" sizes=\"(max-width: 696px) 100vw, 696px\" \/>\t\t\t\t\t\t\t\t\t\t\t\t\t\t\t<\/div>\n\t\t\t\t<\/div>\n\t\t\t\t\t<\/div>\n\t\t\t\t<\/div>\n\t\t\t\t<\/div>\n\t\t","protected":false},"excerpt":{"rendered":"","protected":false},"author":2,"featured_media":1873,"comment_status":"closed","ping_status":"closed","sticky":false,"template":"","format":"standard","meta":{"saved_in_kubio":false,"_themeisle_gutenberg_block_has_review":false,"_kadence_starter_templates_imported_post":false,"footnotes":""},"categories":[1],"tags":[],"class_list":["post-1872","post","type-post","status-publish","format-standard","has-post-thumbnail","hentry","category-uncategorized"],"_links":{"self":[{"href":"https:\/\/conadeh.hn\/index.php?rest_route=\/wp\/v2\/posts\/1872","targetHints":{"allow":["GET"]}}],"collection":[{"href":"https:\/\/conadeh.hn\/index.php?rest_route=\/wp\/v2\/posts"}],"about":[{"href":"https:\/\/conadeh.hn\/index.php?rest_route=\/wp\/v2\/types\/post"}],"author":[{"embeddable":true,"href":"https:\/\/conadeh.hn\/index.php?rest_route=\/wp\/v2\/users\/2"}],"replies":[{"embeddable":true,"href":"https:\/\/conadeh.hn\/index.php?rest_route=%2Fwp%2Fv2%2Fcomments&post=1872"}],"version-history":[{"count":4,"href":"https:\/\/conadeh.hn\/index.php?rest_route=\/wp\/v2\/posts\/1872\/revisions"}],"predecessor-version":[{"id":1878,"href":"https:\/\/conadeh.hn\/index.php?rest_route=\/wp\/v2\/posts\/1872\/revisions\/1878"}],"wp:featuredmedia":[{"embeddable":true,"href":"https:\/\/conadeh.hn\/index.php?rest_route=\/wp\/v2\/media\/1873"}],"wp:attachment":[{"href":"https:\/\/conadeh.hn\/index.php?rest_route=%2Fwp%2Fv2%2Fmedia&parent=1872"}],"wp:term":[{"taxonomy":"category","embeddable":true,"href":"https:\/\/conadeh.hn\/index.php?rest_route=%2Fwp%2Fv2%2Fcategories&post=1872"},{"taxonomy":"post_tag","embeddable":true,"href":"https:\/\/conadeh.hn\/index.php?rest_route=%2Fwp%2Fv2%2Ftags&post=1872"}],"curies":[{"name":"wp","href":"https:\/\/api.w.org\/{rel}","templated":true}]}}