{"id":1866,"date":"2024-03-01T16:51:59","date_gmt":"2024-03-01T16:51:59","guid":{"rendered":"https:\/\/conadeh.hn\/?p=1866"},"modified":"2024-03-01T20:00:54","modified_gmt":"2024-03-01T20:00:54","slug":"jueves-14-de-septiembre-de-2023","status":"publish","type":"post","link":"https:\/\/conadeh.hn\/?p=1866","title":{"rendered":"Preocupa al CONADEH constantes denuncias de supuestas torturas en centros penales"},"content":{"rendered":"\t\t<div data-elementor-type=\"wp-post\" data-elementor-id=\"1866\" class=\"elementor elementor-1866\">\n\t\t\t\t<div class=\"elementor-element elementor-element-58a9cb90 e-flex e-con-boxed e-con e-parent\" data-id=\"58a9cb90\" data-element_type=\"container\" data-e-type=\"container\">\n\t\t\t\t\t<div class=\"e-con-inner\">\n\t\t\t\t<div class=\"elementor-element elementor-element-1a26881d elementor-widget elementor-widget-text-editor\" data-id=\"1a26881d\" data-element_type=\"widget\" data-e-type=\"widget\" data-widget_type=\"text-editor.default\">\n\t\t\t\t<div class=\"elementor-widget-container\">\n\t\t\t\t\t\t\t\t\t\n<p><strong>Preocupa al CONADEH constantes denuncias de supuestas torturas en centros penales<\/strong><\/p>\n\n\n\n<ul class=\"wp-block-list\">\n<li><strong>La titular del CONADEH, Blanca Izaguirre record\u00f3 el deber que tiene el Estado hondure\u00f1o de respetar y garantizar los derechos de las personas privadas de libertad bajo su custodia y record\u00f3 que, el pa\u00eds incurre en responsabilidad internacional cuando se vulneran los derechos humanos de los privados de libertad.<\/strong><\/li>\n<\/ul>\n\n\n\n<p>El Comisionado Nacional de los Derechos Humanos (CONADEH) expres\u00f3 hoy su preocupaci\u00f3n por las constantes denuncias de supuestas torturas y otras violaciones a los derechos humanos que se estar\u00edan cometiendo en diferentes centros penitenciarios del pa\u00eds.<\/p>\n\n\n\n<p>Ante este escenario que se estar\u00eda presentando en los centros penales, la Instituci\u00f3n Nacional de Derechos Humanos inst\u00f3 a las autoridades hondure\u00f1as a tomar los correctivos y evitar poner en riesgo la integridad f\u00edsica y la vida de las personas privadas de libertad.<\/p>\n\n\n\n<p>Ricardo L\u00f3pez, director del Despacho del CONADEH explic\u00f3 que personal de este ente estatal se ha visto limitado en sus funciones al no permit\u00edrseles el ingreso a diferentes centros penitenciarios, desde que la Polic\u00eda&nbsp;&nbsp; Militar de Orden P\u00fablico tom\u00f3 el control.<\/p>\n\n\n\n<p>Agreg\u00f3 que, actualmente, trabajan en una serie de recomendaciones que se har\u00e1n llegar, oportunamente, al Estado Mayor Conjunto, para evitar que se sigan cometiendo este tipo de situaciones que violentan la Ley Org\u00e1nica de este ente estatal.<\/p>\n\n\n\n<p>\u201cToda restricci\u00f3n en tema de transparencia, en los centros penitenciarios, es condenable y lamentable porque los privados de libertad son personas que \u00fanicamente se les ha restringido su derecho a la libertad\u201d.<\/p>\n\n\n\n<p>Destac\u00f3 que es importante que las instituciones y los defensores de derechos humanos realicen su trabajo sin ning\u00fan tipo de restricciones y puedan constatar y verificar la condici\u00f3n de salud y el estado en que se encuentran las personas privadas de libertad en los centros penales.<\/p>\n\n\n\n<p>Aunque existan reglas para ingresar a los centros penitenciarios, la visita de una autoridad del Estado no puede ser condicionada y menos, para constatar las condiciones en las que se encuentran las personas privadas de libertad.<\/p>\n\n\n\n<p>Diversas organizaciones que defienden los derechos de las personas privadas de libertad han denunciado que hay centros penitenciarios donde se estar\u00edan cometiendo actos de torturas y otras violaciones que ponen en riesgo la vida e integridad f\u00edsica de estas personas.<\/p>\n\n\n\n<p>Entre las graves violaciones a los derechos humanos que se estar\u00edan cometiendo, los familiares de las v\u00edctimas mencionan la supuesta aplicaci\u00f3n de \u201ctoques el\u00e9ctricos\u201d, la \u201cextracci\u00f3n de u\u00f1as\u201d, quemaduras de segundo y tercer grado por exposici\u00f3n prolongada al sol.<\/p>\n\n\n\n<p>Adem\u00e1s, denunciaron que los hacen dormir desnudos sobre el piso y que los torturan con golpes en sus cuerpos durante la madrugada e incluso que introducen la cabeza, de los privados de libertad, en sanitarios llenos de orina y heces.<\/p>\n\n\n\n<p>Ante este escenario, diversas organizaciones defensoras de derechos humanos exigieron al gobierno integrar una comisi\u00f3n o un equipo de trabajo que haga una investigaci\u00f3n oportuna, efectiva y pueda constatar los riesgos que enfrentan los privados de libertad.<\/p>\n\n\n\n<p>La titular del CONADEH, Blanca Iza<\/p>\n\n\n\n<p>guirre record\u00f3 el deber que tiene el Estado hondure\u00f1o de respetar y garantizar los derechos de las personas privadas de libertad bajo su custodia.<\/p>\n\n\n\n<p>Record\u00f3 que el pa\u00eds incurre en responsabilidad internacional cuando se vulneran los derechos humanos de los privados de libertad.<\/p>\n\n\n\n<p>Honduras cuenta con 25 centros penitenciarios y dos centros anexos que funcionan, uno en el Primer Batall\u00f3n de Infanter\u00eda y el otro en el Segundo Batall\u00f3n de Infanter\u00eda Aero Transportado Panteras Negras.<\/p>\n\n\n\n<p>Se estima que la poblaci\u00f3n penitenciaria es de 19,557 personas, de las cuales, 18,306 son hombres y 1,251 mujeres.<\/p>\n\n\n\n<p>Actualmente, la situaci\u00f3n jur\u00eddica de los privados de libertad indica que el 54% se encuentran sentenciados mientras que el 46%<\/p>\n\n\n\n<p>&nbsp;en calidad de procesados.<\/p>\n\n\n\n<p>En el caso de las 1,251 mujeres privadas de libertad, 683 tienen sentencia condenatoria mientras que 568 est\u00e1n \u00fanicamente procesadas.<\/p>\n\n\n\n<p>Por su parte, en lo que respeta a la poblaci\u00f3n masculina, 8,415 (46%) est\u00e1n procesados y 9,891 (54%) tienen sentencia condenatoria.<\/p>\n\t\t\t\t\t\t\t\t<\/div>\n\t\t\t\t<\/div>\n\t\t\t\t\t<\/div>\n\t\t\t\t<\/div>\n\t\t<div class=\"elementor-element elementor-element-b31df76 e-flex e-con-boxed e-con e-parent\" data-id=\"b31df76\" data-element_type=\"container\" data-e-type=\"container\">\n\t\t\t\t\t<div class=\"e-con-inner\">\n\t\t\t\t<div class=\"elementor-element elementor-element-55f52ec elementor-widget elementor-widget-image\" data-id=\"55f52ec\" data-element_type=\"widget\" data-e-type=\"widget\" data-widget_type=\"image.default\">\n\t\t\t\t<div class=\"elementor-widget-container\">\n\t\t\t\t\t\t\t\t\t\t\t\t\t\t\t<img fetchpriority=\"high\" decoding=\"async\" width=\"750\" height=\"376\" src=\"https:\/\/conadeh.hn\/wp-content\/uploads\/2024\/03\/centro-penal.jpg\" class=\"attachment-large size-large wp-image-1903\" alt=\"\" srcset=\"https:\/\/conadeh.hn\/wp-content\/uploads\/2024\/03\/centro-penal.jpg 750w, https:\/\/conadeh.hn\/wp-content\/uploads\/2024\/03\/centro-penal-300x150.jpg 300w\" sizes=\"(max-width: 750px) 100vw, 750px\" \/>\t\t\t\t\t\t\t\t\t\t\t\t\t\t\t<\/div>\n\t\t\t\t<\/div>\n\t\t\t\t\t<\/div>\n\t\t\t\t<\/div>\n\t\t\t\t<\/div>\n\t\t","protected":false},"excerpt":{"rendered":"<p>Preocupa al CONADEH constantes denuncias de supuestas torturas en centros penales El Comisionado Nacional de los Derechos Humanos (CONADEH) expres\u00f3 hoy su preocupaci\u00f3n por las constantes denuncias de supuestas torturas y otras violaciones a los derechos humanos que se estar\u00edan cometiendo en diferentes centros penitenciarios del pa\u00eds. Ante este escenario [&hellip;]<\/p>\n","protected":false},"author":2,"featured_media":1903,"comment_status":"closed","ping_status":"closed","sticky":false,"template":"","format":"standard","meta":{"saved_in_kubio":false,"_themeisle_gutenberg_block_has_review":false,"_kadence_starter_templates_imported_post":false,"footnotes":""},"categories":[1],"tags":[],"class_list":["post-1866","post","type-post","status-publish","format-standard","has-post-thumbnail","hentry","category-uncategorized"],"_links":{"self":[{"href":"https:\/\/conadeh.hn\/index.php?rest_route=\/wp\/v2\/posts\/1866","targetHints":{"allow":["GET"]}}],"collection":[{"href":"https:\/\/conadeh.hn\/index.php?rest_route=\/wp\/v2\/posts"}],"about":[{"href":"https:\/\/conadeh.hn\/index.php?rest_route=\/wp\/v2\/types\/post"}],"author":[{"embeddable":true,"href":"https:\/\/conadeh.hn\/index.php?rest_route=\/wp\/v2\/users\/2"}],"replies":[{"embeddable":true,"href":"https:\/\/conadeh.hn\/index.php?rest_route=%2Fwp%2Fv2%2Fcomments&post=1866"}],"version-history":[{"count":7,"href":"https:\/\/conadeh.hn\/index.php?rest_route=\/wp\/v2\/posts\/1866\/revisions"}],"predecessor-version":[{"id":1906,"href":"https:\/\/conadeh.hn\/index.php?rest_route=\/wp\/v2\/posts\/1866\/revisions\/1906"}],"wp:featuredmedia":[{"embeddable":true,"href":"https:\/\/conadeh.hn\/index.php?rest_route=\/wp\/v2\/media\/1903"}],"wp:attachment":[{"href":"https:\/\/conadeh.hn\/index.php?rest_route=%2Fwp%2Fv2%2Fmedia&parent=1866"}],"wp:term":[{"taxonomy":"category","embeddable":true,"href":"https:\/\/conadeh.hn\/index.php?rest_route=%2Fwp%2Fv2%2Fcategories&post=1866"},{"taxonomy":"post_tag","embeddable":true,"href":"https:\/\/conadeh.hn\/index.php?rest_route=%2Fwp%2Fv2%2Ftags&post=1866"}],"curies":[{"name":"wp","href":"https:\/\/api.w.org\/{rel}","templated":true}]}}