{"id":1849,"date":"2024-02-28T21:53:57","date_gmt":"2024-02-28T21:53:57","guid":{"rendered":"https:\/\/conadeh.hn\/?p=1849"},"modified":"2024-02-28T21:57:00","modified_gmt":"2024-02-28T21:57:00","slug":"22-personas-murieron-violentamente-el-distrito-central-el-sitio-mas-peligroso-para-los-trabajadores-de-medios-de-comunicacion","status":"publish","type":"post","link":"https:\/\/conadeh.hn\/?p=1849","title":{"rendered":"22 personas murieron violentamente: El Distrito Central el sitio m\u00e1s peligroso para los trabajadores de medios de comunicaci\u00f3n"},"content":{"rendered":"\t\t<div data-elementor-type=\"wp-post\" data-elementor-id=\"1849\" class=\"elementor elementor-1849\">\n\t\t\t\t<div class=\"elementor-element elementor-element-1203979 e-flex e-con-boxed e-con e-parent\" data-id=\"1203979\" data-element_type=\"container\" data-e-type=\"container\">\n\t\t\t\t\t<div class=\"e-con-inner\">\n\t\t\t\t<div class=\"elementor-element elementor-element-4761ea2 elementor-widget elementor-widget-text-editor\" data-id=\"4761ea2\" data-element_type=\"widget\" data-e-type=\"widget\" data-widget_type=\"text-editor.default\">\n\t\t\t\t<div class=\"elementor-widget-container\">\n\t\t\t\t\t\t\t\t\t<p><strong>Viernes 08 de septiembre de 2023<\/strong><\/p><p>\u00a0<\/p><p><strong><u>22 personas murieron violentamente:<\/u><\/strong><\/p><p><strong>El Distrito Central el sitio m\u00e1s peligroso para los trabajadores de medios de comunicaci\u00f3n<\/strong><\/p><ul><li><strong>En el marco del D\u00eda Internacional del Periodista que se conmemora el 8 de septiembre de cada a\u00f1o, la Defensora del Pueblo hizo \u00e9nfasis en que, las amenazas, agresiones, atentados, el desplazamiento forzado y la muerte violenta de periodistas y personas ligadas a medios de comunicaci\u00f3n se constituye en una forma de \u201ccensura\u201d que pone en riesgo el derecho a la libertad de expresi\u00f3n y de informaci\u00f3n en el pa\u00eds.<\/strong><\/li><\/ul><p>El Municipio del Distrito Central, en el departamento de Francisco Moraz\u00e1n, se constituye en el sitio m\u00e1s peligroso para el ejercicio del periodismo al registrar la muerte 22 personas vinculadas a los medios de comunicaci\u00f3n, de los cuales, el 95% de los casos se mantienen impunes revel\u00f3 hoy el Comisionado Nacional de los Derechos Humanos (CONADEH).<\/p><p>El ente estatal detall\u00f3 que 43 municipios de 16 departamentos del pa\u00eds fueron escenario de la muerte violenta de 96 personas vinculadas a medios de comunicaci\u00f3n, entre el 2001 y el 2023, de los cuales, 22 perdieron la vida en el Distrito Central.<\/p><p>Entre las v\u00edctimas figuran periodistas, locutores, camar\u00f3grafos, fot\u00f3grafos, conductores de programas humor\u00edsticos, de entretenimiento, directores de noticias, relacionadores p\u00fablicos, cronistas deportivos, operadores de radio, editores y un ex directivo de la Asociaci\u00f3n de Prensa de Honduras (APH).<\/p><p>Tegucigalpa, fue escenario, de la primera muerte violenta, de una persona vinculada a los medios de comunicaci\u00f3n, el 18 de octubre del 2007 cuando el periodista y humorista radial Carlos Alberto Salgado fue acribillado a tiros por desconocidos cuando sal\u00eda de grabar su programa \u201cFrijol el terrible\u201d que se transmite por Radio Cadena Voces (RCV).<\/p><p>El crimen, fue calificado por el director de ese medio, Dagoberto Rodr\u00edguez, como un atentado a la libertad de expresi\u00f3n y una forma de intimidar a RCV por su posici\u00f3n beligerante en temas de corrupci\u00f3n y cr\u00edtica hacia el gobierno de turno.<\/p><p>El \u00faltimo hecho violento ocurri\u00f3 el 31 de enero de 2023, en la colonia Kennedy cuando Fue ultimado de varios disparos Carlos Gerardo Barahona, editor de Suyapa Medios, por sujetos desconocidos que lo interceptaron y lo despojaron de su veh\u00edculo.<\/p><p><strong>95% de los casos en la impunidad<\/strong><\/p><p>La titular del CONADEH, Blanca Izaguirre expres\u00f3 que una de las preocupaciones es el alto nivel de impunidad en que se mantienen estos casos.<\/p><p>De las 22 muertes violentas registradas en el Municipio del Distrito Central solo, en un caso, hubo sentencia condenatoria contra los responsables del crimen, lo que indica que el 95% contin\u00faan en la impunidad, lo que genera un sentimiento de impotencia y frustraci\u00f3n en el pueblo hondure\u00f1o.<\/p><p>El Estado les niega a las v\u00edctimas el derecho a conocer la verdad, dijo la defensora de los derechos humanos.<\/p><p>Entre los municipios que representan mayor peligro para la labor que realizan las personas que trabajan en los medios de comunicaci\u00f3n adem\u00e1s del Distrito Central que registra 22 muertes violentas, est\u00e1n, San Pedro Sula, 12; La Ceiba 8; Danl\u00ed, 4; Puerto Cort\u00e9s, 3; La Entrada, 3; Santa Rosa de Cop\u00e1n 3.<\/p><p><strong>Seis departamentos registran el 76% de los casos<\/strong><\/p><p>El informe del CONADEH establece que, en 13 cabeceras departamentales del pa\u00eds, se registr\u00f3 la muerte de 61 personas vinculadas a medios que representan el 64% del total de casos<\/p><p>En los \u00faltimos 23 a\u00f1os, 16 de los 18 departamentos del pa\u00eds fueron escenario de muertes violentas de personas ligadas a los medios de comunicaci\u00f3n.<\/p><p>De esta radiograf\u00eda de la inseguridad para periodistas, comunicadores sociales y dem\u00e1s personas ligadas a medios de comunicaci\u00f3n, en Honduras, 6 departamentos del pa\u00eds: Francisco Moraz\u00e1n (22), Cort\u00e9s (19), Cop\u00e1n (9), Yoro (8), Atl\u00e1ntida (8) y Olancho (7), registran el 76% de los casos de muertes violentas.<\/p><p><strong>Periodistas en riesgo o de ser v\u00edctimas de desplazamiento forzado<\/strong><\/p><p>Desde el a\u00f1o 2016, el CONADEH registr\u00f3 casi un centenar de personas vinculadas a medios de comunicaci\u00f3n que denunciaron estar en riesgo o ser v\u00edctimas de desplazamiento forzado, fen\u00f3meno que estar\u00eda afectando el ejercicio de la libertad de expresi\u00f3n en el pa\u00eds.<\/p><p>Entre el 2022 y lo va del 2023, m\u00e1s de medio centenar de personas vinculadas a los medios de comunicaci\u00f3n fueron objeto de amenazas, agresiones, atentados, hostigamiento e intimidaci\u00f3n, situaciones que ponen en riesgo su integridad f\u00edsica y su vida e incluso la de su familia.<\/p><p>S\u00f3lo en el 2022, el CONADEH atendi\u00f3 alrededor de 20 quejas de periodistas y comunicadores sociales que relataron estar en riesgo o ser v\u00edctimas de desplazamiento forzado.<\/p><p>Tambi\u00e9n se destaca que el 80% de los hechos violentos que experimentaron los periodistas y comunicadores sociales, en el 2022, tuvieron como escenario los departamentos de Francisco Moraz\u00e1n, Cort\u00e9s y El Para\u00edso.<\/p><p><strong>PERSONAS VINCULADAS A MEDIOS DE COMUNICACI\u00d3N<\/strong><\/p><p><strong>MUERTO VIOLENTAMENTE EN EL MUNICIPIO DEL DISTRITO CENTRAL <\/strong><\/p><p><strong>2007 &#8211; 2023<\/strong><\/p><table width=\"644\"><tbody><tr><td width=\"30\"><p><strong><sub>No<\/sub><\/strong><\/p><\/td><td width=\"85\"><p><strong><sub>FECHA<\/sub><\/strong><\/p><\/td><td width=\"124\"><p><strong><sub>NOMBRE<\/sub><\/strong><\/p><\/td><td width=\"147\"><p><strong><sub>MEDIO<\/sub><\/strong><\/p><\/td><td colspan=\"2\" width=\"114\"><p><strong><sub>DEPARTAMENTO<\/sub><\/strong><\/p><\/td><td colspan=\"2\" width=\"79\"><p><strong><sub>ARMA<\/sub><\/strong><\/p><\/td><td width=\"66\"><p><strong><sub>SITUACION JURIDICA<\/sub><\/strong><\/p><\/td><\/tr><tr><td width=\"30\"><p><sub>1<\/sub><\/p><\/td><td width=\"85\"><p><sub>18.10.2007<\/sub><\/p><\/td><td width=\"124\"><p><strong><sub>Carlos Salgado<\/sub><\/strong><\/p><\/td><td width=\"147\"><p><sub>Radio Cadena Voces <\/sub><\/p><\/td><td colspan=\"2\" width=\"114\"><p><sub>Francisco Moraz\u00e1n<\/sub><\/p><\/td><td colspan=\"2\" width=\"79\"><p><sub>Fuego<\/sub><\/p><\/td><td width=\"66\"><p><sub>Impune<\/sub><\/p><\/td><\/tr><tr><td width=\"30\"><p><strong><sub>2<\/sub><\/strong><\/p><\/td><td width=\"85\"><p><sub>19.04.2009<\/sub><\/p><\/td><td width=\"124\"><p><strong><sub>Osm\u00e1n Rodrigo L\u00f3pez<\/sub><\/strong><\/p><\/td><td width=\"147\"><p><sub>Canal 45<\/sub><\/p><\/td><td colspan=\"3\" width=\"116\"><p><sub>Francisco Moraz\u00e1n<\/sub><\/p><\/td><td width=\"77\"><p><sub>Fuego<\/sub><\/p><\/td><td width=\"66\"><p><sub>Impune<\/sub><\/p><\/td><\/tr><tr><td width=\"30\"><p><strong><sub>3<\/sub><\/strong><\/p><\/td><td width=\"85\"><p><sub>17.02.2010<\/sub><\/p><\/td><td width=\"124\"><p><strong><sub>Nicol\u00e1s Asfura<\/sub><\/strong><\/p><\/td><td width=\"147\"><p><sub>Compa\u00f1\u00eda constructora<\/sub><\/p><\/td><td colspan=\"3\" width=\"116\"><p><sub>Francisco Moraz\u00e1n<\/sub><\/p><\/td><td width=\"77\"><p><sub>\u00a0<\/sub><\/p><\/td><td width=\"66\"><p><sub>Impune<\/sub><\/p><\/td><\/tr><tr><td width=\"30\"><p><strong><sub>4<\/sub><\/strong><\/p><\/td><td width=\"85\"><p><sub>01.03.2010<\/sub><\/p><\/td><td width=\"124\"><p><strong><sub>Joseph Hern\u00e1ndez<\/sub><\/strong><\/p><\/td><td width=\"147\"><p><sub>Canal 51<\/sub><\/p><\/td><td colspan=\"3\" width=\"116\"><p><sub>Francisco Moraz\u00e1n<\/sub><\/p><\/td><td width=\"77\"><p><sub>Fuego<\/sub><\/p><\/td><td width=\"66\"><p><sub>Impune<\/sub><\/p><\/td><\/tr><tr><td width=\"30\"><p><strong><sub>5<\/sub><\/strong><\/p><\/td><td width=\"85\"><p><sub>08.05.2010<\/sub><\/p><\/td><td width=\"124\"><p><strong><sub>Carlos Humberto Salinas<\/sub><\/strong><\/p><\/td><td width=\"147\"><p><sub>Cronista deportivo<\/sub><\/p><\/td><td colspan=\"3\" width=\"116\"><p><sub>Francisco Moraz\u00e1n<\/sub><\/p><\/td><td width=\"77\"><p><sub>Fuego<\/sub><\/p><\/td><td width=\"66\"><p><sub>Impune<\/sub><\/p><\/td><\/tr><tr><td width=\"30\"><p><strong><sub>6<\/sub><\/strong><\/p><\/td><td width=\"85\"><p><sub>06.12.2011<\/sub><\/p><\/td><td width=\"124\"><p><strong><sub>Luz Marina Paz<\/sub><\/strong><\/p><\/td><td width=\"147\"><p><sub>Cadena Hondure\u00f1a de Noticias (CHN)<\/sub><\/p><\/td><td colspan=\"3\" width=\"116\"><p><sub>Francisco Moraz\u00e1n<\/sub><\/p><\/td><td width=\"77\"><p><sub>Fuego <\/sub><\/p><\/td><td width=\"66\"><p><sub>Impune<\/sub><\/p><\/td><\/tr><tr><td width=\"30\"><p><strong><sub>7<\/sub><\/strong><\/p><\/td><td width=\"85\"><p><sub>23.04.2012<\/sub><\/p><\/td><td width=\"124\"><p><strong><sub>Noel Alexander Valladares<\/sub><\/strong><\/p><\/td><td width=\"147\"><p><sub>Presentador del programa \u201cShow del Tecolote\u201d, Maya TV<\/sub><\/p><\/td><td colspan=\"3\" width=\"116\"><p><sub>Francisco Moraz\u00e1n<\/sub><\/p><\/td><td width=\"77\"><p><sub>Fuego<\/sub><\/p><\/td><td width=\"66\"><p><sub>Impune<\/sub><\/p><\/td><\/tr><tr><td width=\"30\"><p><strong><sub>8<\/sub><\/strong><\/p><\/td><td width=\"85\"><p><sub>07.05.2012<\/sub><\/p><\/td><td width=\"124\"><p><strong><sub>Erick Mart\u00ednez<\/sub><\/strong><\/p><\/td><td width=\"147\"><p><sub>Relaciones p\u00fablicas de la Asociaci\u00f3n Kukulkan<\/sub><\/p><\/td><td colspan=\"3\" width=\"116\"><p><sub>Francisco Moraz\u00e1n<\/sub><\/p><\/td><td width=\"77\"><p><sub>Estrangulado<\/sub><\/p><\/td><td width=\"66\"><p><sub>Impune<\/sub><\/p><\/td><\/tr><tr><td width=\"30\"><p><strong><sub>9<\/sub><\/strong><\/p><\/td><td width=\"85\"><p><sub>15.05.2012<\/sub><\/p><\/td><td width=\"124\"><p><strong><sub>\u00c1ngel Alfredo Villatoro<\/sub><\/strong><\/p><\/td><td width=\"147\"><p><sub>Director de noticias HRN<\/sub><\/p><\/td><td colspan=\"3\" width=\"116\"><p><sub>Francisco Moraz\u00e1n<\/sub><\/p><\/td><td width=\"77\"><p><sub>Fuego<\/sub><\/p><\/td><td width=\"66\"><p><sub>RESPONSABLES CONDENADOS<\/sub><\/p><\/td><\/tr><tr><td width=\"30\"><p><strong><sub>10<\/sub><\/strong><\/p><\/td><td width=\"85\"><p><sub>10.08.2012<\/sub><\/p><\/td><td width=\"124\"><h2><sub>Jos\u00e9 Noel Canales Lagos<\/sub><\/h2><\/td><td width=\"147\"><p><sub>Reportero gr\u00e1fico Hondudiario y editor de noticias SEPROC<\/sub><\/p><\/td><td colspan=\"3\" width=\"116\"><p><sub>Francisco Moraz\u00e1n<\/sub><\/p><\/td><td width=\"77\"><p><sub>Fuego<\/sub><\/p><\/td><td width=\"66\"><p><sub>Impune<\/sub><\/p><\/td><\/tr><tr><td width=\"30\"><p><strong><sub>11<\/sub><\/strong><\/p><\/td><td width=\"85\"><p><sub>28.08.2012<\/sub><\/p><\/td><td width=\"124\"><p><strong><sub>Julio C\u00e9sar Cassaleno<\/sub><\/strong><\/p><\/td><td width=\"147\"><p><sub>Relaciones p\u00fablicas de la Direcci\u00f3n Nacional de Tr\u00e1nsito<\/sub><\/p><\/td><td colspan=\"3\" width=\"116\"><p><sub>Francisco Moraz\u00e1n<\/sub><\/p><\/td><td width=\"77\"><p><sub>Fuego<\/sub><\/p><\/td><td width=\"66\"><p><sub>Impune<\/sub><\/p><\/td><\/tr><tr><td width=\"30\"><p><strong><sub>12<\/sub><\/strong><\/p><\/td><td width=\"85\"><p><sub>08.11.2012<\/sub><\/p><\/td><td width=\"124\"><p><strong><sub>\u00c1ngel Edgardo L\u00f3pez Fiallos<\/sub><\/strong><\/p><\/td><td width=\"147\"><p><sub>Locutor\/ estudiante de periodismo<\/sub><\/p><\/td><td colspan=\"3\" width=\"116\"><p><sub>Francisco Moraz\u00e1n<\/sub><\/p><\/td><td width=\"77\"><p><sub>Fuego<\/sub><\/p><\/td><td width=\"66\"><p><sub>Impune<\/sub><\/p><\/td><\/tr><tr><td width=\"30\"><p><strong><sub>13<\/sub><\/strong><\/p><\/td><td width=\"85\"><p><sub>23.10.2013<\/sub><\/p><\/td><td width=\"124\"><p><strong><sub>Manuel de Jes\u00fas Murillo Varela<\/sub><\/strong><\/p><\/td><td width=\"147\"><p><sub>Camar\u00f3grafo<\/sub><\/p><\/td><td colspan=\"3\" width=\"116\"><p><sub>Francisco Moraz\u00e1n<\/sub><\/p><\/td><td width=\"77\"><p><sub>Fuego<\/sub><\/p><\/td><td width=\"66\"><p><sub>Impune<\/sub><\/p><\/td><\/tr><tr><td width=\"30\"><p><strong><sub>14<\/sub><\/strong><\/p><\/td><td width=\"85\"><p><sub>28.11.2013<\/sub><\/p><\/td><td width=\"124\"><p><strong><sub>Carlos Mauricio Flores Hern\u00e1ndez<\/sub><\/strong><\/p><\/td><td width=\"147\"><p><sub>Camar\u00f3grafo<\/sub><\/p><\/td><td colspan=\"3\" width=\"116\"><p><sub>Francisco Moraz\u00e1n<\/sub><\/p><\/td><td width=\"77\"><p><sub>Fuego<\/sub><\/p><\/td><td width=\"66\"><p><sub>Impune<\/sub><\/p><\/td><\/tr><tr><td width=\"30\"><p><strong><sub>15<\/sub><\/strong><\/p><\/td><td width=\"85\"><p><sub>05.02.2014<\/sub><\/p><\/td><td width=\"124\"><p><strong><sub>Jos\u00e9 Roberto Ugarte<\/sub><\/strong><\/p><\/td><td width=\"147\"><p><sub>Locutor radial y productor de televisi\u00f3n<\/sub><\/p><\/td><td colspan=\"3\" width=\"116\"><p><sub>Residencial San Juan, cerca del Hato de En medio, F.M<\/sub><\/p><\/td><td width=\"77\"><p><sub>Fuego<\/sub><\/p><\/td><td width=\"66\"><p><sub>Impune<\/sub><\/p><\/td><\/tr><tr><td width=\"30\"><p><strong><sub>16<\/sub><\/strong><\/p><\/td><td width=\"85\"><p><sub>23.02.2015<\/sub><\/p><\/td><td width=\"124\"><p><strong><sub>Erick Geovany Arriaga Casco <\/sub><\/strong><\/p><\/td><td width=\"147\"><p><sub>\u00a0Operador de Radio Globo<\/sub><\/p><\/td><td colspan=\"3\" width=\"116\"><p><sub>Col. 21 de febrero de Comayag\u00fcela, Francisco Moraz\u00e1n<\/sub><\/p><\/td><td width=\"77\"><p><sub>Fuego<\/sub><\/p><\/td><td width=\"66\"><p><sub>Impune<\/sub><\/p><\/td><\/tr><tr><td width=\"30\"><p><strong><sub>17<\/sub><\/strong><\/p><\/td><td width=\"85\"><p><sub>24.04.2015<\/sub><\/p><\/td><td width=\"124\"><p><strong><sub>Cristel Joctan L\u00f3pez <\/sub><\/strong><\/p><\/td><td width=\"147\"><p><sub>Editor y camar\u00f3grafo VTV Canal 9<\/sub><\/p><\/td><td colspan=\"3\" width=\"116\"><p><sub>A pocos metros de la cuesta Lempira, Comayag\u00fcela, FM<\/sub><\/p><\/td><td width=\"77\"><p><sub>Fuego<\/sub><\/p><\/td><td width=\"66\"><p><sub>Impune<\/sub><\/p><\/td><\/tr><tr><td width=\"30\"><p><strong><sub>18<\/sub><\/strong><\/p><\/td><td width=\"85\"><p><sub>04.11.2015<\/sub><\/p><\/td><td width=\"124\"><p><strong><sub>Nelson Enrique Salinas <\/sub><\/strong><\/p><\/td><td width=\"147\"><p><sub>Ex directivo de la Asociaci\u00f3n de Prensa de Honduras cap\u00edtulo de oriente<\/sub><\/p><\/td><td colspan=\"3\" width=\"116\"><p><sub>Bulevar Kuwait, Tegucigalpa, FM<\/sub><\/p><\/td><td width=\"77\"><p><sub>Arma de fuego<\/sub><\/p><\/td><td width=\"66\"><p><sub>Impune<\/sub><\/p><\/td><\/tr><tr><td width=\"30\"><p><strong><sub>19<\/sub><\/strong><\/p><\/td><td width=\"85\"><p><sub>27.09.2018<\/sub><\/p><\/td><td width=\"124\"><p><strong><sub>H\u00e9ctor Enrique Clara Cruz <\/sub><\/strong><\/p><\/td><td width=\"147\"><p><sub>Fot\u00f3grafo <\/sub><\/p><\/td><td colspan=\"2\" width=\"114\"><p><sub>Su cuerpo fue encontrado ensabanado en residencial Las Uvas<\/sub><\/p><\/td><td colspan=\"2\" width=\"79\"><p><sub>Golpes<\/sub><\/p><\/td><td width=\"66\"><p><sub>Impune<\/sub><\/p><\/td><\/tr><tr><td width=\"30\"><p><strong><sub>20<\/sub><\/strong><\/p><\/td><td width=\"85\"><p><sub>29.09.2021<\/sub><\/p><\/td><td width=\"124\"><p><strong><sub>Wilmer Joel F\u00fanez Ochoa<\/sub><\/strong><\/p><\/td><td width=\"147\"><p><sub>Operador de radio <\/sub><\/p><\/td><td colspan=\"2\" width=\"114\"><p><sub>Cantagallo, Tegucigalpa, Francisco Moraz\u00e1n<\/sub><\/p><\/td><td colspan=\"2\" width=\"79\"><p><sub>Arma de Fuego<\/sub><\/p><\/td><td width=\"66\"><p><sub>Impune<\/sub><\/p><\/td><\/tr><tr><td width=\"30\"><p><sub>21<\/sub><\/p><\/td><td width=\"85\"><p><sub>10.10.2022<\/sub><\/p><\/td><td width=\"124\"><p><strong><sub>Edwin Josu\u00e9 Andino<\/sub><\/strong><\/p><\/td><td width=\"147\"><p><sub>Periodista La Tribuna TV<\/sub><\/p><\/td><td colspan=\"2\" width=\"114\"><p><sub>Col. Villafranca de Comayag\u00fcela, Francisco Moraz\u00e1n<\/sub><\/p><\/td><td colspan=\"2\" width=\"79\"><p><sub>Arma de fuego<\/sub><\/p><\/td><td width=\"66\"><p><sub>Impune<\/sub><\/p><\/td><\/tr><tr><td width=\"30\"><p><strong><sub>22<\/sub><\/strong><\/p><\/td><td width=\"85\"><p><sub>31.01.2023<\/sub><\/p><\/td><td width=\"124\"><p><strong><sub>Carlos Gerardo Barahona<\/sub><\/strong><\/p><\/td><td colspan=\"2\" width=\"151\"><p><sub>Editor Suyapa Medios<\/sub><\/p><\/td><td width=\"110\"><p><sub>Col. Kennedy<\/sub><\/p><\/td><td colspan=\"2\" width=\"79\"><p><sub>Arma de fuego<\/sub><\/p><\/td><td width=\"66\"><p><sub>Impune<\/sub><\/p><\/td><\/tr><tr><td width=\"30\">\u00a0<\/td><td width=\"85\">\u00a0<\/td><td width=\"124\">\u00a0<\/td><td width=\"147\">\u00a0<\/td><td width=\"4\">\u00a0<\/td><td width=\"110\">\u00a0<\/td><td width=\"2\">\u00a0<\/td><td width=\"77\">\u00a0<\/td><td width=\"66\">\u00a0<\/td><\/tr><\/tbody><\/table><p><sub>\u00a0<\/sub><\/p><p>Fuente: CONADEH<\/p>\t\t\t\t\t\t\t\t<\/div>\n\t\t\t\t<\/div>\n\t\t\t\t\t<\/div>\n\t\t\t\t<\/div>\n\t\t<div class=\"elementor-element elementor-element-c1e3820 e-flex e-con-boxed e-con e-parent\" data-id=\"c1e3820\" data-element_type=\"container\" data-e-type=\"container\">\n\t\t\t\t\t<div class=\"e-con-inner\">\n\t\t\t\t<div class=\"elementor-element elementor-element-ddd3193 elementor-widget elementor-widget-image\" data-id=\"ddd3193\" data-element_type=\"widget\" data-e-type=\"widget\" data-widget_type=\"image.default\">\n\t\t\t\t<div class=\"elementor-widget-container\">\n\t\t\t\t\t\t\t\t\t\t\t\t\t\t\t<img fetchpriority=\"high\" decoding=\"async\" width=\"696\" height=\"464\" src=\"https:\/\/conadeh.hn\/wp-content\/uploads\/2024\/02\/amenazas-periodista.webp\" class=\"attachment-large size-large wp-image-1850\" alt=\"\" srcset=\"https:\/\/conadeh.hn\/wp-content\/uploads\/2024\/02\/amenazas-periodista.webp 696w, https:\/\/conadeh.hn\/wp-content\/uploads\/2024\/02\/amenazas-periodista-300x200.webp 300w\" sizes=\"(max-width: 696px) 100vw, 696px\" \/>\t\t\t\t\t\t\t\t\t\t\t\t\t\t\t<\/div>\n\t\t\t\t<\/div>\n\t\t\t\t\t<\/div>\n\t\t\t\t<\/div>\n\t\t\t\t<\/div>\n\t\t","protected":false},"excerpt":{"rendered":"<p>Viernes 08 de septiembre de 2023 \u00a0 22 personas murieron violentamente: El Distrito Central el sitio m\u00e1s peligroso para los trabajadores de medios de comunicaci\u00f3n En el marco del D\u00eda Internacional del Periodista que se conmemora el 8 de septiembre de cada a\u00f1o, la Defensora del Pueblo hizo \u00e9nfasis en [&hellip;]<\/p>\n","protected":false},"author":2,"featured_media":1850,"comment_status":"closed","ping_status":"closed","sticky":false,"template":"","format":"standard","meta":{"saved_in_kubio":false,"_themeisle_gutenberg_block_has_review":false,"_kadence_starter_templates_imported_post":false,"footnotes":""},"categories":[1],"tags":[],"class_list":["post-1849","post","type-post","status-publish","format-standard","has-post-thumbnail","hentry","category-uncategorized"],"_links":{"self":[{"href":"https:\/\/conadeh.hn\/index.php?rest_route=\/wp\/v2\/posts\/1849","targetHints":{"allow":["GET"]}}],"collection":[{"href":"https:\/\/conadeh.hn\/index.php?rest_route=\/wp\/v2\/posts"}],"about":[{"href":"https:\/\/conadeh.hn\/index.php?rest_route=\/wp\/v2\/types\/post"}],"author":[{"embeddable":true,"href":"https:\/\/conadeh.hn\/index.php?rest_route=\/wp\/v2\/users\/2"}],"replies":[{"embeddable":true,"href":"https:\/\/conadeh.hn\/index.php?rest_route=%2Fwp%2Fv2%2Fcomments&post=1849"}],"version-history":[{"count":3,"href":"https:\/\/conadeh.hn\/index.php?rest_route=\/wp\/v2\/posts\/1849\/revisions"}],"predecessor-version":[{"id":1853,"href":"https:\/\/conadeh.hn\/index.php?rest_route=\/wp\/v2\/posts\/1849\/revisions\/1853"}],"wp:featuredmedia":[{"embeddable":true,"href":"https:\/\/conadeh.hn\/index.php?rest_route=\/wp\/v2\/media\/1850"}],"wp:attachment":[{"href":"https:\/\/conadeh.hn\/index.php?rest_route=%2Fwp%2Fv2%2Fmedia&parent=1849"}],"wp:term":[{"taxonomy":"category","embeddable":true,"href":"https:\/\/conadeh.hn\/index.php?rest_route=%2Fwp%2Fv2%2Fcategories&post=1849"},{"taxonomy":"post_tag","embeddable":true,"href":"https:\/\/conadeh.hn\/index.php?rest_route=%2Fwp%2Fv2%2Ftags&post=1849"}],"curies":[{"name":"wp","href":"https:\/\/api.w.org\/{rel}","templated":true}]}}