{"id":1360,"date":"2024-02-13T20:48:16","date_gmt":"2024-02-13T20:48:16","guid":{"rendered":"https:\/\/conadeh.hn\/?p=1360"},"modified":"2024-02-13T20:54:42","modified_gmt":"2024-02-13T20:54:42","slug":"entre-el-2001-y-abril-del-2023-unos-80-medios-de-comunicacion-afectados-por-la-muerte-violenta-de-uno-o-mas-de-sus-trabajadores","status":"publish","type":"post","link":"https:\/\/conadeh.hn\/?p=1360","title":{"rendered":"Entre el 2001 y abril del 2023: Unos 80 medios de comunicaci\u00f3n afectados por la muerte violenta de uno o m\u00e1s de sus trabajadores"},"content":{"rendered":"\t\t<div data-elementor-type=\"wp-post\" data-elementor-id=\"1360\" class=\"elementor elementor-1360\">\n\t\t\t\t<div class=\"elementor-element elementor-element-2012e44 e-flex e-con-boxed e-con e-parent\" data-id=\"2012e44\" data-element_type=\"container\" data-e-type=\"container\">\n\t\t\t\t\t<div class=\"e-con-inner\">\n\t\t\t\t<div class=\"elementor-element elementor-element-0063aab elementor-widget elementor-widget-text-editor\" data-id=\"0063aab\" data-element_type=\"widget\" data-e-type=\"widget\" data-widget_type=\"text-editor.default\">\n\t\t\t\t<div class=\"elementor-widget-container\">\n\t\t\t\t\t\t\t\t\t<p><strong>Martes 02 de mayo de 2023<\/strong><\/p><p>\u00a0<\/p><p><strong><u>Entre el 2001 y abril del 2023<\/u><\/strong><\/p><p><strong>Unos 80 medios de comunicaci\u00f3n afectados por la muerte violenta de uno o m\u00e1s de sus trabajadores<\/strong><\/p><ul><li><strong>En los \u00faltimos 16 meses (2022- abril 2023) e<\/strong><strong>l ejercicio period\u00edstico, en Honduras, qued\u00f3 marcado por una serie de hechos violatorios a la libertad de expresi\u00f3n que van desde amenazas, agresiones, atentados, hostigamiento, intimidaci\u00f3n, detenciones arbitrarias y la muerte violenta de seis personas vinculadas a los medios de comunicaci\u00f3n. <\/strong><\/li><\/ul><p>Unos 80 medios de comunicaci\u00f3n de Honduras fueron afectados, entre el 2001 y abril del 2023, por la muerte, en circunstancias violentas, de uno o m\u00e1s de sus trabajadores revel\u00f3 hoy el Comisionado Nacional de los Derechos Humanos (CONADEH), en el marco del D\u00eda Mundial de la Libertad de Prensa, que se conmemora el 3 de mayo de cada a\u00f1o.<\/p><p>Seg\u00fan el ente estatal de derechos humanos, 97 personas vinculadas a los medios de comunicaci\u00f3n, entre periodistas, locutores, fot\u00f3grafos, operadores, editores, camar\u00f3grafos y propietarios, perdieron la vida violentamente entre el 2001 y abril del 2023.<\/p><p>Alrededor de 44 canales de televisi\u00f3n, 33 radioemisoras, 2 medios digitales, 2 medios escritos, as\u00ed como, agencias de publicidad y oficinas de relaciones p\u00fablicas, registraron la muerte violenta de uno o m\u00e1s de sus trabajadores.<\/p><p>Canales de televisi\u00f3n como HCH, Suyapa Medios, Televicentro, VTV, Maya Tv, Canal 6, La Tribuna Tv y radioemisoras como HRN, Radio Am\u00e9rica, Radio Cadena Voces, Radio Globo y Radio Progreso, son parte de los medios de comunicaci\u00f3n que han sido afectados con la p\u00e9rdida de uno o m\u00e1s miembros de su personal, sean estos periodistas, locutores, operadores, camar\u00f3grafos, editores, ejecutivos de venta y corresponsales.<\/p><p>El informe resalta que unos 36 medios locales de televisi\u00f3n y 27 radioemisoras tambi\u00e9n locales, de diferentes departamentos del pa\u00eds, resultaron afectadas con la muerte violenta de uno o m\u00e1s miembros de su personal.<\/p><p>En el marco del D\u00eda Mundial de la Libertad de Prensa, la titular del CONADEH, Blanca Izaguirre se\u00f1al\u00f3 que la violencia contra periodistas y dem\u00e1s empleados de medios, se constituye en \u201cuna forma de censura extrema\u201d.<\/p><p>Indic\u00f3 que el ejercicio del periodismo solo puede efectuarse libremente cuando las personas que lo ejercen no son v\u00edctimas de amenazas, atentados, ni de agresiones f\u00edsicas ni otros actos de hostigamiento<\/p><p>Advirti\u00f3 que, la violencia contra un periodista no es solo una agresi\u00f3n contra esa persona, en particular, sino que es un ataque contra toda la sociedad.<\/p><p>Agreg\u00f3 que la violencia contra los periodistas pone en riesgo su integridad personal, su vida y la libertad de pensamiento, de informaci\u00f3n y de expresi\u00f3n, declar\u00f3.<\/p><p><strong>43 municipios escenarios de muerte para periodistas y dem\u00e1s trabajadores de medios<\/strong><\/p><p>Seg\u00fan el CONADEH, 16 de los 18 departamentos del pa\u00eds han sido escenario de muertes violentas de personas ligadas a los medios de comunicaci\u00f3n.<\/p><p>De esta radiograf\u00eda de la inseguridad para periodistas, comunicadores sociales y dem\u00e1s miembros del personal de medios de comunicaci\u00f3n, en Honduras, 6 departamentos del pa\u00eds: Francisco Moraz\u00e1n (22), Cortes (19), Cop\u00e1n (9), Yoro (8), Atl\u00e1ntida (8) y Olancho (7), registran el 75% de los casos de muertes violentas.<\/p><p>Al menos, 43 (14%) municipios, de 16 departamentos del pa\u00eds, fueron escenario de la muerte violenta de las 97 personas vinculadas a medios de comunicaci\u00f3n, desde el a\u00f1o 2001.<\/p><p>Entre los municipios que representan el mayor peligro para la labor que realizan las personas que trabajan en medios de comunicaci\u00f3n est\u00e1n el Municipio del Distrito Central con 22 muertes violentas; San Pedro Sula, 12; La Ceiba, 8; Danl\u00ed, 4; Puerto Cort\u00e9s, 3; La Entrada, 3; Santa Rosa de Cop\u00e1n 3.<\/p><p>Es de resaltar que, 13 cabeceras departamentales del pa\u00eds fueron escenario de la muerte de 61 personas vinculadas a medios de comunicaci\u00f3n, que representan el 63% del total de casos<\/p><p><strong>\u00daltimos 16 meses marcados por la violencia<\/strong><\/p><p>En los \u00faltimos 16 meses (2022- abril 2023) el ejercicio period\u00edstico, en Honduras, qued\u00f3 marcado por una serie de hechos violatorios a las libertades de expresi\u00f3n y de prensa que van desde amenazas, agresiones, atentados, hostigamiento, intimidaci\u00f3n, detenciones arbitrarias, desplazamiento forzado y la muerte violenta de seis personas vinculadas a los medios de comunicaci\u00f3n, entre ellos, periodistas, locutores, y camar\u00f3grafos.<\/p><p>Durante ese periodo, varios miembros de los cuerpos de seguridad del Estado, autoridades edilicias y personas particulares, se les responsabiliz\u00f3 de haber agredido a periodistas y otros trabajadores de medios de comunicaci\u00f3n.<\/p><p>Del an\u00e1lisis de los hechos registrados, es evidente que a\u00fan persisten las violaciones a las libertades de prensa y de expresi\u00f3n, por parte de agentes del Estado y particulares.<\/p><p>Adem\u00e1s, Honduras sigue siendo un pa\u00eds sin justicia para las v\u00edctimas ni castigo para los victimarios, al registrar, en los \u00faltimos 16 meses, cero sentencias condenatorias, que dejan de manifiesto la persistencia de la impunidad en el pa\u00eds.<\/p><p>La Comisionada Nacional de los Derechos Humanos, Blanca Izaguirre fue contundente al se\u00f1alar que el Estado est\u00e1 en la obligaci\u00f3n de adoptar las medidas necesarias para prevenir la violencia contra periodistas y trabajadores de medios<\/p><p>La obligaci\u00f3n de investigar, juzgar y sancionar penalmente exige que el Estado hondure\u00f1o investigue la violencia contra periodistas y dem\u00e1s trabajadores de medios, sin demora, y emplee todos los medios legales disponibles con la finalidad de esclarecer la verdad y asegurar que se identifique, juzgue y castigue a los agresores, puntualiz\u00f3.<\/p><p>El 3 de mayo se conmemora el D\u00eda Mundial de la Libertad de Prensa y el llamado, en el 2023, es, a renovar y reafirmar la libertad de expresi\u00f3n como una condici\u00f3n previa necesaria para el disfrute de los dem\u00e1s derechos humanos<\/p>\t\t\t\t\t\t\t\t<\/div>\n\t\t\t\t<\/div>\n\t\t\t\t\t<\/div>\n\t\t\t\t<\/div>\n\t\t<div class=\"elementor-element elementor-element-ed3c432 e-flex e-con-boxed e-con e-parent\" data-id=\"ed3c432\" data-element_type=\"container\" data-e-type=\"container\">\n\t\t\t\t\t<div class=\"e-con-inner\">\n\t\t\t\t<div class=\"elementor-element elementor-element-8197f73 elementor-widget elementor-widget-image\" data-id=\"8197f73\" data-element_type=\"widget\" data-e-type=\"widget\" data-widget_type=\"image.default\">\n\t\t\t\t<div class=\"elementor-widget-container\">\n\t\t\t\t\t\t\t\t\t\t\t\t\t\t\t<img fetchpriority=\"high\" decoding=\"async\" width=\"750\" height=\"422\" src=\"https:\/\/conadeh.hn\/wp-content\/uploads\/2024\/02\/microfonos-medios.webp\" class=\"attachment-large size-large wp-image-1362\" alt=\"\" srcset=\"https:\/\/conadeh.hn\/wp-content\/uploads\/2024\/02\/microfonos-medios.webp 800w, https:\/\/conadeh.hn\/wp-content\/uploads\/2024\/02\/microfonos-medios-300x169.webp 300w, https:\/\/conadeh.hn\/wp-content\/uploads\/2024\/02\/microfonos-medios-768x432.webp 768w\" sizes=\"(max-width: 750px) 100vw, 750px\" \/>\t\t\t\t\t\t\t\t\t\t\t\t\t\t\t<\/div>\n\t\t\t\t<\/div>\n\t\t\t\t\t<\/div>\n\t\t\t\t<\/div>\n\t\t\t\t<\/div>\n\t\t","protected":false},"excerpt":{"rendered":"<p>Martes 02 de mayo de 2023 \u00a0 Entre el 2001 y abril del 2023 Unos 80 medios de comunicaci\u00f3n afectados por la muerte violenta de uno o m\u00e1s de sus trabajadores En los \u00faltimos 16 meses (2022- abril 2023) el ejercicio period\u00edstico, en Honduras, qued\u00f3 marcado por una serie de [&hellip;]<\/p>\n","protected":false},"author":2,"featured_media":1362,"comment_status":"closed","ping_status":"closed","sticky":false,"template":"","format":"standard","meta":{"saved_in_kubio":false,"_themeisle_gutenberg_block_has_review":false,"_kadence_starter_templates_imported_post":false,"footnotes":""},"categories":[1],"tags":[],"class_list":["post-1360","post","type-post","status-publish","format-standard","has-post-thumbnail","hentry","category-uncategorized"],"_links":{"self":[{"href":"https:\/\/conadeh.hn\/index.php?rest_route=\/wp\/v2\/posts\/1360","targetHints":{"allow":["GET"]}}],"collection":[{"href":"https:\/\/conadeh.hn\/index.php?rest_route=\/wp\/v2\/posts"}],"about":[{"href":"https:\/\/conadeh.hn\/index.php?rest_route=\/wp\/v2\/types\/post"}],"author":[{"embeddable":true,"href":"https:\/\/conadeh.hn\/index.php?rest_route=\/wp\/v2\/users\/2"}],"replies":[{"embeddable":true,"href":"https:\/\/conadeh.hn\/index.php?rest_route=%2Fwp%2Fv2%2Fcomments&post=1360"}],"version-history":[{"count":4,"href":"https:\/\/conadeh.hn\/index.php?rest_route=\/wp\/v2\/posts\/1360\/revisions"}],"predecessor-version":[{"id":1365,"href":"https:\/\/conadeh.hn\/index.php?rest_route=\/wp\/v2\/posts\/1360\/revisions\/1365"}],"wp:featuredmedia":[{"embeddable":true,"href":"https:\/\/conadeh.hn\/index.php?rest_route=\/wp\/v2\/media\/1362"}],"wp:attachment":[{"href":"https:\/\/conadeh.hn\/index.php?rest_route=%2Fwp%2Fv2%2Fmedia&parent=1360"}],"wp:term":[{"taxonomy":"category","embeddable":true,"href":"https:\/\/conadeh.hn\/index.php?rest_route=%2Fwp%2Fv2%2Fcategories&post=1360"},{"taxonomy":"post_tag","embeddable":true,"href":"https:\/\/conadeh.hn\/index.php?rest_route=%2Fwp%2Fv2%2Ftags&post=1360"}],"curies":[{"name":"wp","href":"https:\/\/api.w.org\/{rel}","templated":true}]}}