{"id":1240,"date":"2024-02-12T18:24:57","date_gmt":"2024-02-12T18:24:57","guid":{"rendered":"https:\/\/conadeh.hn\/?p=1240"},"modified":"2024-02-12T18:30:34","modified_gmt":"2024-02-12T18:30:34","slug":"segun-el-conadeh-situacion-de-la-violencia-agudiza-el-desplazamiento-forzado-de-personas-en-honduras","status":"publish","type":"post","link":"https:\/\/conadeh.hn\/?p=1240","title":{"rendered":"Seg\u00fan el CONADEH Situaci\u00f3n de la violencia agudiza el desplazamiento forzado de personas en Honduras"},"content":{"rendered":"\t\t<div data-elementor-type=\"wp-post\" data-elementor-id=\"1240\" class=\"elementor elementor-1240\">\n\t\t\t\t<div class=\"elementor-element elementor-element-955f443 e-flex e-con-boxed e-con e-parent\" data-id=\"955f443\" data-element_type=\"container\" data-e-type=\"container\">\n\t\t\t\t\t<div class=\"e-con-inner\">\n\t\t\t\t<div class=\"elementor-element elementor-element-2003f4c elementor-widget elementor-widget-text-editor\" data-id=\"2003f4c\" data-element_type=\"widget\" data-e-type=\"widget\" data-widget_type=\"text-editor.default\">\n\t\t\t\t<div class=\"elementor-widget-container\">\n\t\t\t\t\t\t\t\t\t<p><strong>Jueves 20 de abril de 2023<\/strong><\/p><p>\u00a0<\/p><p><strong><u>Seg\u00fan el CONADEH<\/u><\/strong><\/p><p><strong>Situaci\u00f3n de la violencia agudiza el desplazamiento forzado de personas en Honduras<\/strong><\/p><ul><li><strong>Se estima que, s\u00f3lo en el 2022, el CONADEH atendi\u00f3 1,768 quejas de personas que denunciaron que su integridad f\u00edsica y su vida estaba en riesgo, luego de ser objeto de amenazas a muerte, denunciar la muerte violenta de un pariente o de ser v\u00edctimas de violencia dom\u00e9stica, sexual, psicol\u00f3gica e intrafamiliar.<\/strong><\/li><\/ul><p>Las amenazas, la extorsi\u00f3n, los asesinatos, el despojo de bienes y el reclutamiento de ni\u00f1os, son parte de las modalidades de violencia que enfrenta el pueblo y que est\u00e1 generando el desplazamiento forzado interno de miles de personas, revel\u00f3 hoy el Comisionado Nacional de los Derechos Humanos (CONADEH).<\/p><p>La coordinadora de la Defensor\u00eda de Movilidad Humana del CONADEH, Liliana Reyes admiti\u00f3 que esas modalidades de violencia est\u00e1n generando un grave problema en el pa\u00eds y hace que cada a d\u00eda m\u00e1s personas y m\u00e1s familias se est\u00e9n desplazando de su lugar de origen buscando un lugar para proteger su integridad y su vida.<\/p><p>Se estima que, s\u00f3lo en el 2022, el CONADEH atendi\u00f3 1,768 quejas de personas que denunciaron que su integridad f\u00edsica y su vida estaba en riesgo, luego de ser objeto de amenazas a muerte, denunciar la muerte violenta de un pariente o de ser v\u00edctimas de violencia dom\u00e9stica, sexual, psicol\u00f3gica e intrafamiliar.<\/p><p>La Unidad de Estad\u00edsticas del CONADEH detall\u00f3 que, en el 2022, al menos, 1,340 personas, denunciaron ser v\u00edctimas de amenazas a muerte, 106 de recibir amenazas intimidatorias por parte de servidores p\u00fablicos, mientras que, 159, porque su integridad y su vida estaba en riesgo, luego que, alguno de sus parientes, perdiera la vida en circunstancias violentas.<\/p><p>164 personas se quejaron, ante el CONADEH, que fueron v\u00edctimas de violencia dom\u00e9stica, sexual, psicol\u00f3gica e intrafamiliar.<\/p><p>Por su parte, la titular del CONADEH, Blanca Izaguirre expres\u00f3 su preocupaci\u00f3n por las frecuentes denuncias interpuestas por la ciudadan\u00eda sobre vulneraciones al derecho a la integridad personal y la vida.<\/p><p>Indic\u00f3 que, la violencia generada por la delincuencia com\u00fan y organizada, sigue siendo uno de los factores m\u00e1s fuertes que atentan contra el derecho a la vida.<\/p><p>Sostuvo que, en Honduras, las pr\u00e1cticas violentas m\u00e1s comunes son las amenazas a muerte, el desplazamiento interno forzado por la violencia, el asesinato, el homicidio, la extorsi\u00f3n, la tentativa de homicidio y de asesinato y el femicidio.<\/p><p>La violencia ha convertido a Honduras en un escenario en el cual todas las personas est\u00e1n expuestas a riesgos y circunstancias que ponen su vida en peligro.<\/p><p>Entre el 2016 y el 2021 la Unidad de Desplazamiento Forzado Interno (UDFI) del CONADEH atendi\u00f3 5,081 quejas, siendo el n\u00famero de personas afectadas unas 12,067 de las cuales,6,482 estaban en riesgo y en condici\u00f3n de desplazado 5,555.<\/p><p><strong>Ley es una respuesta a todas las v\u00edctimas de desplazamiento forzado<\/strong><\/p><p>Reyes valor\u00f3 que la aprobaci\u00f3n de la \u201cLey de Prevenci\u00f3n, Atenci\u00f3n y Protecci\u00f3n de las Personas Desplazadas Internamente\u201d el pasado 22 de diciembre del 2022, por el Congreso Nacional, es una respuesta a todas las v\u00edctimas del desplazamiento forzado.<\/p><p>Explic\u00f3 que, con esa Ley, se cre\u00f3 un marco jur\u00eddico que permitir\u00e1 trabajar en la prevenci\u00f3n del desplazamiento forzada de personas.<\/p><p>Agreg\u00f3 que, all\u00ed se establecen las funciones espec\u00edficas que deben asumir todas las instituciones del Estado para que den respuesta a las v\u00edctimas de ese fen\u00f3meno.<\/p><p>Destac\u00f3 que hay un rol fundamental de la Secretar\u00eda de Derechos Humanos para llevar un registro \u00fanico de todos los casos de desplazamiento, pero, tambi\u00e9n, brindar asistencia a las v\u00edctimas como alojamiento temporal, alimentaci\u00f3n, incluso apoyar en el tema de desplazamiento de las familias.<\/p><p>Adem\u00e1s, debe coordinar con la secretaria de Seguridad, el tema de acceso a la justicia, la investigaci\u00f3n, pero, tambi\u00e9n, darle los medios para que una familia desplazada pueda vivir dignamente.<\/p><p>El Estado tiene que ver por la educaci\u00f3n de los ni\u00f1os que son v\u00edctimas de desplazamiento, garantizarles ese derecho y que vayan a otro centro educativo.<\/p><p>Tambi\u00e9n, si las v\u00edctimas de desplazamiento est\u00e1n sacando un pr\u00e9stamo, la Comisi\u00f3n Nacional de Banca y Seguros tiene que hacer un procedimiento para que no corran los intereses durante el tiempo que la persona ha sido v\u00edctima de desplazamiento.<\/p><p>En el campo laboral, se le deben garantizar los derechos laborales a las v\u00edctimas de desplazamiento, para el caso, si se ausentan del trabajo, la misma Secretar\u00eda de Derechos Humanos deber\u00e1 reportar a la empresa o instituci\u00f3n, que la persona est\u00e1 en una situaci\u00f3n de riesgo y eso va a servir para que las personas tampoco pierdan su trabajo.<\/p><p>\u00a0Reyes destac\u00f3 que la Ley es integral y que tiene principios como el inter\u00e9s superior del ni\u00f1o, no separar a las familias, sino que atender a los n\u00facleos, darles alojamiento y toda la atenci\u00f3n necesaria.<\/p><p>Anunci\u00f3 que, en los pr\u00f3ximos meses, el CONADEH y la Oficina del Alto Comisionado para los Refugiados (ACNUR) har\u00e1n la presentaci\u00f3n de un informe especial donde se dar\u00e1n a conocer los datos espec\u00edficos sobre los desplazados en el pa\u00eds durante el 2022, de acuerdo a las quejas atendidas por el ente estatal<\/p>\t\t\t\t\t\t\t\t<\/div>\n\t\t\t\t<\/div>\n\t\t\t\t\t<\/div>\n\t\t\t\t<\/div>\n\t\t<div class=\"elementor-element elementor-element-f16e0ec e-flex e-con-boxed e-con e-parent\" data-id=\"f16e0ec\" data-element_type=\"container\" data-e-type=\"container\">\n\t\t\t\t\t<div class=\"e-con-inner\">\n\t\t\t\t<div class=\"elementor-element elementor-element-cacfb4c elementor-widget elementor-widget-image\" data-id=\"cacfb4c\" data-element_type=\"widget\" data-e-type=\"widget\" data-widget_type=\"image.default\">\n\t\t\t\t<div class=\"elementor-widget-container\">\n\t\t\t\t\t\t\t\t\t\t\t\t\t\t\t<img fetchpriority=\"high\" decoding=\"async\" width=\"750\" height=\"499\" src=\"https:\/\/conadeh.hn\/wp-content\/uploads\/2024\/02\/desplazados.webp\" class=\"attachment-large size-large wp-image-1241\" alt=\"\" srcset=\"https:\/\/conadeh.hn\/wp-content\/uploads\/2024\/02\/desplazados.webp 900w, https:\/\/conadeh.hn\/wp-content\/uploads\/2024\/02\/desplazados-300x200.webp 300w, https:\/\/conadeh.hn\/wp-content\/uploads\/2024\/02\/desplazados-768x511.webp 768w\" sizes=\"(max-width: 750px) 100vw, 750px\" \/>\t\t\t\t\t\t\t\t\t\t\t\t\t\t\t<\/div>\n\t\t\t\t<\/div>\n\t\t\t\t\t<\/div>\n\t\t\t\t<\/div>\n\t\t\t\t<\/div>\n\t\t","protected":false},"excerpt":{"rendered":"<p>Jueves 20 de abril de 2023 \u00a0 Seg\u00fan el CONADEH Situaci\u00f3n de la violencia agudiza el desplazamiento forzado de personas en Honduras Se estima que, s\u00f3lo en el 2022, el CONADEH atendi\u00f3 1,768 quejas de personas que denunciaron que su integridad f\u00edsica y su vida estaba en riesgo, luego de [&hellip;]<\/p>\n","protected":false},"author":2,"featured_media":1241,"comment_status":"closed","ping_status":"closed","sticky":false,"template":"","format":"standard","meta":{"saved_in_kubio":false,"_themeisle_gutenberg_block_has_review":false,"_kadence_starter_templates_imported_post":false,"footnotes":""},"categories":[1],"tags":[],"class_list":["post-1240","post","type-post","status-publish","format-standard","has-post-thumbnail","hentry","category-uncategorized"],"_links":{"self":[{"href":"https:\/\/conadeh.hn\/index.php?rest_route=\/wp\/v2\/posts\/1240","targetHints":{"allow":["GET"]}}],"collection":[{"href":"https:\/\/conadeh.hn\/index.php?rest_route=\/wp\/v2\/posts"}],"about":[{"href":"https:\/\/conadeh.hn\/index.php?rest_route=\/wp\/v2\/types\/post"}],"author":[{"embeddable":true,"href":"https:\/\/conadeh.hn\/index.php?rest_route=\/wp\/v2\/users\/2"}],"replies":[{"embeddable":true,"href":"https:\/\/conadeh.hn\/index.php?rest_route=%2Fwp%2Fv2%2Fcomments&post=1240"}],"version-history":[{"count":3,"href":"https:\/\/conadeh.hn\/index.php?rest_route=\/wp\/v2\/posts\/1240\/revisions"}],"predecessor-version":[{"id":1244,"href":"https:\/\/conadeh.hn\/index.php?rest_route=\/wp\/v2\/posts\/1240\/revisions\/1244"}],"wp:featuredmedia":[{"embeddable":true,"href":"https:\/\/conadeh.hn\/index.php?rest_route=\/wp\/v2\/media\/1241"}],"wp:attachment":[{"href":"https:\/\/conadeh.hn\/index.php?rest_route=%2Fwp%2Fv2%2Fmedia&parent=1240"}],"wp:term":[{"taxonomy":"category","embeddable":true,"href":"https:\/\/conadeh.hn\/index.php?rest_route=%2Fwp%2Fv2%2Fcategories&post=1240"},{"taxonomy":"post_tag","embeddable":true,"href":"https:\/\/conadeh.hn\/index.php?rest_route=%2Fwp%2Fv2%2Ftags&post=1240"}],"curies":[{"name":"wp","href":"https:\/\/api.w.org\/{rel}","templated":true}]}}