{"id":1234,"date":"2024-02-12T18:10:22","date_gmt":"2024-02-12T18:10:22","guid":{"rendered":"https:\/\/conadeh.hn\/?p=1234"},"modified":"2024-02-12T18:18:33","modified_gmt":"2024-02-12T18:18:33","slug":"segun-el-conadeh-en-la-escogencia-de-los-nuevos-fiscales-debe-primar-la-transparencia-y-la-idoneidad","status":"publish","type":"post","link":"https:\/\/conadeh.hn\/?p=1234","title":{"rendered":"Seg\u00fan el CONADEH: En la escogencia de los nuevos fiscales debe primar la transparencia y la idoneidad"},"content":{"rendered":"\t\t<div data-elementor-type=\"wp-post\" data-elementor-id=\"1234\" class=\"elementor elementor-1234\">\n\t\t\t\t<div class=\"elementor-element elementor-element-7a11a5c e-flex e-con-boxed e-con e-parent\" data-id=\"7a11a5c\" data-element_type=\"container\" data-e-type=\"container\">\n\t\t\t\t\t<div class=\"e-con-inner\">\n\t\t\t\t<div class=\"elementor-element elementor-element-3812e37 elementor-widget elementor-widget-text-editor\" data-id=\"3812e37\" data-element_type=\"widget\" data-e-type=\"widget\" data-widget_type=\"text-editor.default\">\n\t\t\t\t<div class=\"elementor-widget-container\">\n\t\t\t\t\t\t\t\t\t<p><strong>Mi\u00e9rcoles 19 de abril de 2023<\/strong><\/p><p>\u00a0<\/p><p><strong><u>Seg\u00fan el CONADEH:<\/u><\/strong><\/p><p><strong>En la escogencia de los nuevos fiscales debe primar la transparencia y la idoneidad <\/strong><\/p><ul><li><strong>Es un momento en el cual no se debe estar pensando en que el fiscal debe tener uno u otro color pol\u00edtico, lo importante es escoger a las mejores personas, comprometidas en reducir los niveles de impunidad en el pa\u00eds. Se estima que el 95% de los delitos contra la vida de las personas se mantienen impunes en Honduras.<\/strong><\/li><\/ul><p>En la escogencia de los candidatos a Fiscal General de la Rep\u00fablica y el Fiscal Adjunto, se debe garantizar, al pueblo hondure\u00f1o, la transparencia en el proceso y la idoneidad personal y profesional de quienes lleguen a ostentar tan alto cargo, dijo hoy el director del despacho del Comisionado Nacional de los Derechos Humanos, Ricardo L\u00f3pez.<\/p><p>Indic\u00f3 que ambos funcionarios deber\u00e1n ser personas de reconocida idoneidad moral y \u00e9tica, con el valor suficiente para hacerle frente a los peligros que debe enfrentar en el cargo<\/p><p>Explic\u00f3 que ambos puestos son muy importantes si se toma en cuenta que, el Ministerio P\u00fablico tiene la exclusividad en la presentaci\u00f3n de la acci\u00f3n penal en contra de los delitos que se cometen a diario en el pa\u00eds.<\/p><p>Agreg\u00f3 que, el Ministerio P\u00fablico es una instituci\u00f3n del Estado que tiene la obligaci\u00f3n de investigar y judicializar las denuncias por la comisi\u00f3n de todo tipo de delitos.<\/p><p><strong>Comprometidos en reducir los niveles de impunidad<\/strong><\/p><p>Las personas que integren la Junta Proponente, para escoger a los candidatos que aspiren a Fiscal General y Adjunto, deben reunir muchos criterios de idoneidad, de respeto y de una integridad moral muy alta, ya que el cargo que se est\u00e1 eligiendo es de alto nivel, expres\u00f3.<\/p><p>A\u00f1adi\u00f3 que, ese proceso debe llevarse a cabo de una manera eficaz, transparente y escoger a las personas que tengan la idoneidad personal y profesional para que, en esa instituci\u00f3n del Estado, se puedan tener a dos personas de reconocida rectitud y honestidad.<\/p><p>L\u00f3pez considera que es un momento en el cual no se debe estar pensando en que el fiscal debe tener uno u otro color pol\u00edtico, lo importante es escoger a las mejores personas, comprometidas en reducir los niveles de impunidad en el pa\u00eds.<\/p><p>Se estima que, el 95% de los delitos contra la integridad f\u00edsica y la vida de las personas, en Honduras, se mantienen impunes en el pa\u00eds.<\/p><p>La Junta Proponente estar\u00e1 integrada por la presidente de la Corte Suprema de Justicia, quien la presidir\u00e1, un representante de la Corte Suprema de Justicia nombrado por el pleno de la misma, un representante de la Universidad Nacional Aut\u00f3noma de Honduras, un representante de las universidades privadas, un representante del Colegio de Abogados de Honduras, un representante de las organizaciones de sociedad civil y la Comisionada Nacional de los Derechos Humanos.<\/p><p>En el \u00faltimo proceso de selecci\u00f3n de los candidatos a dirigir la Fiscal\u00eda General del Estado, que se realiz\u00f3 en el 2018, la Junta Proponente recibi\u00f3 la postulaci\u00f3n de 22 aspirantes autopropuestos y 6 que fueron propuestos por entidades p\u00fablicas o privadas, de los cuales fueron admitidos 25 de las solicitudes de inscripci\u00f3n.<\/p><p>El actual Fiscal General del Estado, Oscar Chinchilla y el Fiscal Adjunto Daniel Arturo Sibrian, vacaran en sus cargos el pr\u00f3ximo 1 de septiembre del 2023.<\/p><p>El Fiscal General de la Rep\u00fablica y el Fiscal General Adjunto ser\u00e1n electos por el Congreso Nacional, con el voto favorable de las dos terceras partes de la totalidad de sus miembros, de una n\u00f3mina de cinco candidatos que presente la Junta Proponente.<\/p>\t\t\t\t\t\t\t\t<\/div>\n\t\t\t\t<\/div>\n\t\t\t\t\t<\/div>\n\t\t\t\t<\/div>\n\t\t<div class=\"elementor-element elementor-element-562ca65 e-flex e-con-boxed e-con e-parent\" data-id=\"562ca65\" data-element_type=\"container\" data-e-type=\"container\">\n\t\t\t\t\t<div class=\"e-con-inner\">\n\t\t\t\t<div class=\"elementor-element elementor-element-b6d6f45 elementor-widget elementor-widget-image\" data-id=\"b6d6f45\" data-element_type=\"widget\" data-e-type=\"widget\" data-widget_type=\"image.default\">\n\t\t\t\t<div class=\"elementor-widget-container\">\n\t\t\t\t\t\t\t\t\t\t\t\t\t\t\t<img fetchpriority=\"high\" decoding=\"async\" width=\"290\" height=\"174\" src=\"https:\/\/conadeh.hn\/wp-content\/uploads\/2024\/02\/candidatos-nuevos-fiscales.jpg\" class=\"attachment-large size-large wp-image-1236\" alt=\"\" \/>\t\t\t\t\t\t\t\t\t\t\t\t\t\t\t<\/div>\n\t\t\t\t<\/div>\n\t\t\t\t\t<\/div>\n\t\t\t\t<\/div>\n\t\t\t\t<\/div>\n\t\t","protected":false},"excerpt":{"rendered":"<p>Mi\u00e9rcoles 19 de abril de 2023 \u00a0 Seg\u00fan el CONADEH: En la escogencia de los nuevos fiscales debe primar la transparencia y la idoneidad Es un momento en el cual no se debe estar pensando en que el fiscal debe tener uno u otro color pol\u00edtico, lo importante es escoger [&hellip;]<\/p>\n","protected":false},"author":2,"featured_media":1236,"comment_status":"closed","ping_status":"closed","sticky":false,"template":"","format":"standard","meta":{"saved_in_kubio":false,"_themeisle_gutenberg_block_has_review":false,"_kadence_starter_templates_imported_post":false,"footnotes":""},"categories":[1],"tags":[],"class_list":["post-1234","post","type-post","status-publish","format-standard","has-post-thumbnail","hentry","category-uncategorized"],"_links":{"self":[{"href":"https:\/\/conadeh.hn\/index.php?rest_route=\/wp\/v2\/posts\/1234","targetHints":{"allow":["GET"]}}],"collection":[{"href":"https:\/\/conadeh.hn\/index.php?rest_route=\/wp\/v2\/posts"}],"about":[{"href":"https:\/\/conadeh.hn\/index.php?rest_route=\/wp\/v2\/types\/post"}],"author":[{"embeddable":true,"href":"https:\/\/conadeh.hn\/index.php?rest_route=\/wp\/v2\/users\/2"}],"replies":[{"embeddable":true,"href":"https:\/\/conadeh.hn\/index.php?rest_route=%2Fwp%2Fv2%2Fcomments&post=1234"}],"version-history":[{"count":4,"href":"https:\/\/conadeh.hn\/index.php?rest_route=\/wp\/v2\/posts\/1234\/revisions"}],"predecessor-version":[{"id":1239,"href":"https:\/\/conadeh.hn\/index.php?rest_route=\/wp\/v2\/posts\/1234\/revisions\/1239"}],"wp:featuredmedia":[{"embeddable":true,"href":"https:\/\/conadeh.hn\/index.php?rest_route=\/wp\/v2\/media\/1236"}],"wp:attachment":[{"href":"https:\/\/conadeh.hn\/index.php?rest_route=%2Fwp%2Fv2%2Fmedia&parent=1234"}],"wp:term":[{"taxonomy":"category","embeddable":true,"href":"https:\/\/conadeh.hn\/index.php?rest_route=%2Fwp%2Fv2%2Fcategories&post=1234"},{"taxonomy":"post_tag","embeddable":true,"href":"https:\/\/conadeh.hn\/index.php?rest_route=%2Fwp%2Fv2%2Ftags&post=1234"}],"curies":[{"name":"wp","href":"https:\/\/api.w.org\/{rel}","templated":true}]}}