{"id":1215,"date":"2024-02-12T17:14:26","date_gmt":"2024-02-12T17:14:26","guid":{"rendered":"https:\/\/conadeh.hn\/?p=1215"},"modified":"2024-02-12T17:33:49","modified_gmt":"2024-02-12T17:33:49","slug":"segun-el-conadeh-honduras-carece-de-un-sistema-de-justicia-eficiente-y-eficaz","status":"publish","type":"post","link":"https:\/\/conadeh.hn\/?p=1215","title":{"rendered":"Seg\u00fan el CONADEH: Honduras carece de un sistema de justicia eficiente y eficaz"},"content":{"rendered":"\t\t<div data-elementor-type=\"wp-post\" data-elementor-id=\"1215\" class=\"elementor elementor-1215\">\n\t\t\t\t<div class=\"elementor-element elementor-element-7bab444 e-flex e-con-boxed e-con e-parent\" data-id=\"7bab444\" data-element_type=\"container\" data-e-type=\"container\">\n\t\t\t\t\t<div class=\"e-con-inner\">\n\t\t\t\t<div class=\"elementor-element elementor-element-02911a3 elementor-widget elementor-widget-text-editor\" data-id=\"02911a3\" data-element_type=\"widget\" data-e-type=\"widget\" data-widget_type=\"text-editor.default\">\n\t\t\t\t<div class=\"elementor-widget-container\">\n\t\t\t\t\t\t\t\t\t<p><strong>Viernes 14 de abril de 2023<\/strong><\/p><p>\u00a0<\/p><p><strong><u>Seg\u00fan el CONADEH:<\/u><\/strong><\/p><p><strong>Honduras carece de un sistema de justicia eficiente y eficaz<\/strong><\/p><ul><li><strong>La Defensa P\u00fablica no est\u00e1 haciendo su trabajo y los jueces de ejecuci\u00f3n no se encargan por ver que efectivamente se cumpla la pena o que los privados de libertad gocen de los beneficios que pueden tener.<\/strong><\/li><\/ul><p>La Comisionada Nacional de los Derechos Humanos, Blanca Izaguirre cuestion\u00f3 hoy que Honduras no tiene sistema de justicia, eficiente, eficaz y que procure un enfoque de derechos humanos en sus actuaciones.<\/p><p>Indic\u00f3 que el sistema de justicia es tard\u00edo, prueba de ellos es que alrededor del 50% de las 19,563 personas que est\u00e1n privadas de libertad, en los centros penitenciarios del pa\u00eds, est\u00e1n en condici\u00f3n de procesadas.<\/p><p>Se\u00f1al\u00f3 que la Defensa P\u00fablica no est\u00e1 haciendo su trabajo y que los jueces de ejecuci\u00f3n no se encargan por ver que efectivamente se cumpla la pena o que los privados de libertad gocen de los beneficios que pueden tener.<\/p><p>Explic\u00f3 que el 100% de las personas que est\u00e1n privadas de su libertad, en Honduras, no pertenecen a maras y pandillas. Se estima que, entre un 20 o 25%, del total de la poblaci\u00f3n penitenciaria, podr\u00edan ser parte del crimen organizado.<\/p><p>A\u00f1adi\u00f3 que, el resto de la poblaci\u00f3n penitenciaria son personas que pueden gozar de pre-liberaci\u00f3n, de libertades condicionales, pero que, no se tiene un sistema de justicia eficiente, eficaz y que, adem\u00e1s, procure un enfoque de derechos humanos.<\/p><p>Record\u00f3 que, cuando se integr\u00f3 la Junta Nominadora, uno de los temas fundamentales a calificar era que, las personas que iban a ser parte de esa n\u00f3mina de magistrados de la Corte Suprema de Justicia tuvieran un conocimiento de los est\u00e1ndares internacionales y que iban aplicar la justicia con ese enfoque de derechos humanos, que es sumamente importante para asegurar un Estado democr\u00e1tico de derecho.<\/p><p><strong>El 50% de los privados de libertad \u00fanicamente est\u00e1n procesados<\/strong><\/p><p>Seg\u00fan la Unidad de Estad\u00edsticas del CONADEH, entre el 2019 y el 2022, este ente estatal atendi\u00f3 unas 1,339 quejas que revelan la cr\u00edtica situaci\u00f3n y las m\u00faltiples violaciones a los derechos humanos que enfrentan las personas privadas de libertad, en los distintos centros penales del pa\u00eds.<\/p><p>La falta de atenci\u00f3n en los servicios de salud, abusos de autoridad, hostigamiento, torturas, malos tratos a los familiares, retardo en la aplicaci\u00f3n de justicia, hacinamiento, la falta de servicios b\u00e1sicos y la violencia al interior de los centros penales, que ha dejado como saldo m\u00e1s de 987 muertes violentas, desde el a\u00f1o 2003 al 2022, es el escenario que a diario enfrentan los privados de libertad, seg\u00fan el relato de familiares y los propios afectados.<\/p><p>La Defensora del Pueblo cuestion\u00f3 que las condiciones en las que se encuentran los privados de libertad no son precisamente las id\u00f3neas y, mucho menos, las que est\u00e1n acorde a los est\u00e1ndares internacionales en materia de derechos humanos.<\/p><p>Es una preocupaci\u00f3n para el CONADEH escuchar hablar de \u201cmano dura\u201d cuando hist\u00f3ricamente ha sido una frase que ha sido se\u00f1alada y que se ha recomendado por diferentes \u00f3rganos de tratados que no se utilice al momento de hablar de personas que est\u00e1n privadas de libertad, que ya est\u00e1n cumpliendo una condena, expres\u00f3.<\/p><p>En sus diferentes informes, el CONADEH ha expresado su preocupaci\u00f3n por el reiterado incumplimiento, por parte del Estado de Honduras, en asegurar las garant\u00edas fundamentales y el respeto a la dignidad inherente de las personas privadas de libertad en el pa\u00eds, a pesar de que Honduras forma parte de tratados y convenios internacionales.<\/p><p>El pa\u00eds incurre en responsabilidad internacional cuando se violan los derechos humanos de los privados de libertad por lo que recomend\u00f3, garantizar el derecho humano a la vida, la salud, la alimentaci\u00f3n, al agua potable, a una comunicaci\u00f3n con sus familiares, a su integridad personal, ps\u00edquica y moral.<\/p><p>Adem\u00e1s, que se realice una pronta revisi\u00f3n de los casos de procesados pendientes de sentencia, con el objetivo de reducir la mora judicial de la poblaci\u00f3n penitenciaria a nivel nacional.<\/p><p>De las 19,586 personas privadas de libertad, 9,733 (49.69%) est\u00e1n \u00fanicamente procesados mientras que 9,853 ya fueron sentenciados<\/p><p>Del total de poblaci\u00f3n penitenciaria, 18,421 son hombres, de los cuales, el 49.52% est\u00e1n procesados, mientras que, de las 1,165 mujeres que guardan prisi\u00f3n el 52% est\u00e1n en la misma condici\u00f3n.<\/p><p>\u00a0<\/p>\t\t\t\t\t\t\t\t<\/div>\n\t\t\t\t<\/div>\n\t\t\t\t\t<\/div>\n\t\t\t\t<\/div>\n\t\t<div class=\"elementor-element elementor-element-67f0846 e-flex e-con-boxed e-con e-parent\" data-id=\"67f0846\" data-element_type=\"container\" data-e-type=\"container\">\n\t\t\t\t\t<div class=\"e-con-inner\">\n\t\t\t\t<div class=\"elementor-element elementor-element-dcfde0a elementor-widget elementor-widget-image\" data-id=\"dcfde0a\" data-element_type=\"widget\" data-e-type=\"widget\" data-widget_type=\"image.default\">\n\t\t\t\t<div class=\"elementor-widget-container\">\n\t\t\t\t\t\t\t\t\t\t\t\t\t\t\t<img fetchpriority=\"high\" decoding=\"async\" width=\"750\" height=\"457\" src=\"https:\/\/conadeh.hn\/wp-content\/uploads\/2024\/02\/junsticia.jpg\" class=\"attachment-large size-large wp-image-1217\" alt=\"\" srcset=\"https:\/\/conadeh.hn\/wp-content\/uploads\/2024\/02\/junsticia.jpg 1020w, https:\/\/conadeh.hn\/wp-content\/uploads\/2024\/02\/junsticia-300x183.jpg 300w, https:\/\/conadeh.hn\/wp-content\/uploads\/2024\/02\/junsticia-768x468.jpg 768w\" sizes=\"(max-width: 750px) 100vw, 750px\" \/>\t\t\t\t\t\t\t\t\t\t\t\t\t\t\t<\/div>\n\t\t\t\t<\/div>\n\t\t\t\t\t<\/div>\n\t\t\t\t<\/div>\n\t\t\t\t<\/div>\n\t\t","protected":false},"excerpt":{"rendered":"<p>Viernes 14 de abril de 2023 \u00a0 Seg\u00fan el CONADEH: Honduras carece de un sistema de justicia eficiente y eficaz La Defensa P\u00fablica no est\u00e1 haciendo su trabajo y los jueces de ejecuci\u00f3n no se encargan por ver que efectivamente se cumpla la pena o que los privados de libertad [&hellip;]<\/p>\n","protected":false},"author":2,"featured_media":1217,"comment_status":"closed","ping_status":"closed","sticky":false,"template":"","format":"standard","meta":{"saved_in_kubio":false,"_themeisle_gutenberg_block_has_review":false,"_kadence_starter_templates_imported_post":false,"footnotes":""},"categories":[1],"tags":[],"class_list":["post-1215","post","type-post","status-publish","format-standard","has-post-thumbnail","hentry","category-uncategorized"],"_links":{"self":[{"href":"https:\/\/conadeh.hn\/index.php?rest_route=\/wp\/v2\/posts\/1215","targetHints":{"allow":["GET"]}}],"collection":[{"href":"https:\/\/conadeh.hn\/index.php?rest_route=\/wp\/v2\/posts"}],"about":[{"href":"https:\/\/conadeh.hn\/index.php?rest_route=\/wp\/v2\/types\/post"}],"author":[{"embeddable":true,"href":"https:\/\/conadeh.hn\/index.php?rest_route=\/wp\/v2\/users\/2"}],"replies":[{"embeddable":true,"href":"https:\/\/conadeh.hn\/index.php?rest_route=%2Fwp%2Fv2%2Fcomments&post=1215"}],"version-history":[{"count":4,"href":"https:\/\/conadeh.hn\/index.php?rest_route=\/wp\/v2\/posts\/1215\/revisions"}],"predecessor-version":[{"id":1220,"href":"https:\/\/conadeh.hn\/index.php?rest_route=\/wp\/v2\/posts\/1215\/revisions\/1220"}],"wp:featuredmedia":[{"embeddable":true,"href":"https:\/\/conadeh.hn\/index.php?rest_route=\/wp\/v2\/media\/1217"}],"wp:attachment":[{"href":"https:\/\/conadeh.hn\/index.php?rest_route=%2Fwp%2Fv2%2Fmedia&parent=1215"}],"wp:term":[{"taxonomy":"category","embeddable":true,"href":"https:\/\/conadeh.hn\/index.php?rest_route=%2Fwp%2Fv2%2Fcategories&post=1215"},{"taxonomy":"post_tag","embeddable":true,"href":"https:\/\/conadeh.hn\/index.php?rest_route=%2Fwp%2Fv2%2Ftags&post=1215"}],"curies":[{"name":"wp","href":"https:\/\/api.w.org\/{rel}","templated":true}]}}